{"id":52515,"date":"2024-10-27T23:39:13","date_gmt":"2024-10-27T23:39:13","guid":{"rendered":"https:\/\/tvbrazilusa.com\/2024\/10\/27\/o-exercito-de-israel-divulgou-neste-domingo-27-imagens-dos-preparativos-dos-cacas-que-conduziram-os-ataques-a-varias-instalacoes-militares-iranianas\/"},"modified":"2024-10-27T23:39:14","modified_gmt":"2024-10-27T23:39:14","slug":"o-exercito-de-israel-divulgou-neste-domingo-27-imagens-dos-preparativos-dos-cacas-que-conduziram-os-ataques-a-varias-instalacoes-militares-iranianas","status":"publish","type":"post","link":"https:\/\/tvbrazilusa.com\/pt\/2024\/10\/27\/o-exercito-de-israel-divulgou-neste-domingo-27-imagens-dos-preparativos-dos-cacas-que-conduziram-os-ataques-a-varias-instalacoes-militares-iranianas\/","title":{"rendered":"O Ex\u00e9rcito de Israel divulgou neste domingo (27) imagens dos preparativos dos ca\u00e7as que conduziram os ataques a v\u00e1rias instala\u00e7\u00f5es militares iranianas"},"content":{"rendered":"<p> <script async src=\"https:\/\/pagead2.googlesyndication.com\/pagead\/js\/adsbygoogle.js?client=ca-pub-8864793242727901\"\r\n     crossorigin=\"anonymous\"><\/script><br \/>\n<\/p>\n<div>\n<p>A Ag\u00eancia Internacional de Energia At\u00f4mica (AIEA) confirmou que os bombardeios israelenses contra alvos militares &#8220;n\u00e3o alcan\u00e7aram&#8221; as instala\u00e7\u00f5es nucleares iranianas. Nas redes sociais, o diretor-geral da ag\u00eancia, Rafael Grossi, pediu &#8220;prud\u00eancia e modera\u00e7\u00e3o em rela\u00e7\u00e3o \u00e0s a\u00e7\u00f5es que possam colocar em perigo a seguran\u00e7a dos materiais nucleares e de outros materiais radioativos&#8221;.\n<\/p>\n<p>Assista no Instagram\u00a0<\/p>\n<p><a href=\"https:\/\/www.instagram.com\/reel\/DBoqIP4iWEY\/?igsh=ODViZ3Bnam9qdW1r\">https:\/\/www.instagram.com\/reel\/DBoqIP4iWEY\/?igsh=ODViZ3Bnam9qdW1r<\/a><\/p>\n<p>Jovem Pan News\u00a0\n<\/p>\n<\/div>\n<p><script async src=\"\/\/www.instagram.com\/embed.js\"><\/script><br \/>\n<br \/><br \/>\n<br \/><a href=\"https:\/\/diariodobrasilnoticias.com.br\/noticia\/-o-exercito-de-israel-divulgou-neste-domingo-27-imagens-dos-preparativos-dos-cacas-que-conduziram-os-ataques-a-varias-instalacoes-militares-iranianas-671eb8212ed34\">Source link <\/a><\/p>","protected":false},"excerpt":{"rendered":"<p>A Ag\u00eancia Internacional de Energia At\u00f4mica (AIEA) confirmou que os bombardeios israelenses contra alvos militares &#8220;n\u00e3o alcan\u00e7aram&#8221; as instala\u00e7\u00f5es nucleares iranianas. Nas redes sociais, o diretor-geral da ag\u00eancia, Rafael Grossi,&hellip;<\/p>","protected":false},"author":1,"featured_media":52516,"comment_status":"closed","ping_status":"open","sticky":false,"template":"","format":"standard","meta":{"content-type":"","footnotes":""},"categories":[16],"tags":[123,2448,5313,1267],"class_list":["post-52515","post","type-post","status-publish","format-standard","has-post-thumbnail","hentry","category-noticias","tag-brasil","tag-diario","tag-noticia","tag-noticias"],"_links":{"self":[{"href":"https:\/\/tvbrazilusa.com\/pt\/wp-json\/wp\/v2\/posts\/52515","targetHints":{"allow":["GET"]}}],"collection":[{"href":"https:\/\/tvbrazilusa.com\/pt\/wp-json\/wp\/v2\/posts"}],"about":[{"href":"https:\/\/tvbrazilusa.com\/pt\/wp-json\/wp\/v2\/types\/post"}],"author":[{"embeddable":true,"href":"https:\/\/tvbrazilusa.com\/pt\/wp-json\/wp\/v2\/users\/1"}],"replies":[{"embeddable":true,"href":"https:\/\/tvbrazilusa.com\/pt\/wp-json\/wp\/v2\/comments?post=52515"}],"version-history":[{"count":1,"href":"https:\/\/tvbrazilusa.com\/pt\/wp-json\/wp\/v2\/posts\/52515\/revisions"}],"predecessor-version":[{"id":52517,"href":"https:\/\/tvbrazilusa.com\/pt\/wp-json\/wp\/v2\/posts\/52515\/revisions\/52517"}],"wp:featuredmedia":[{"embeddable":true,"href":"https:\/\/tvbrazilusa.com\/pt\/wp-json\/wp\/v2\/media\/52516"}],"wp:attachment":[{"href":"https:\/\/tvbrazilusa.com\/pt\/wp-json\/wp\/v2\/media?parent=52515"}],"wp:term":[{"taxonomy":"category","embeddable":true,"href":"https:\/\/tvbrazilusa.com\/pt\/wp-json\/wp\/v2\/categories?post=52515"},{"taxonomy":"post_tag","embeddable":true,"href":"https:\/\/tvbrazilusa.com\/pt\/wp-json\/wp\/v2\/tags?post=52515"}],"curies":[{"name":"wp","href":"https:\/\/api.w.org\/{rel}","templated":true}]}}