{"id":52518,"date":"2024-10-27T21:12:44","date_gmt":"2024-10-27T21:12:44","guid":{"rendered":"https:\/\/tvbrazilusa.com\/2024\/10\/27\/sem-judiciario-independente-e-imprensa-livre-democracia-nao-acontece-diz-carmen-lucia-paulo-figueiredo\/"},"modified":"2024-10-27T23:51:24","modified_gmt":"2024-10-27T23:51:24","slug":"sem-judiciario-independente-e-imprensa-livre-democracia-nao-acontece-diz-carmen-lucia-paulo-figueiredo","status":"publish","type":"post","link":"https:\/\/tvbrazilusa.com\/pt\/2024\/10\/27\/sem-judiciario-independente-e-imprensa-livre-democracia-nao-acontece-diz-carmen-lucia-paulo-figueiredo\/","title":{"rendered":"\u201cSem Judici\u00e1rio independente e imprensa livre, democracia n\u00e3o acontece\u201d, diz C\u00e1rmen L\u00facia &#8211; Paulo Figueiredo"},"content":{"rendered":"<p> <script async src=\"https:\/\/pagead2.googlesyndication.com\/pagead\/js\/adsbygoogle.js?client=ca-pub-8864793242727901\"\r\n     crossorigin=\"anonymous\"><\/script><br \/>\n<\/p>\n<div id=\"wtr-content\" data-bg=\"#FFFFFF\" data-fg=\"#006d91\" data-width=\"25\" data-mute=\"1\" data-fgopacity=\"1.00\" data-mutedopacity=\"0.5\" data-placement=\"bottom\" data-placement-offset=\"0\" data-content-offset=\"262\" data-placement-touch=\"bottom\" data-placement-offset-touch=\"0\" data-transparent=\"\" data-shadow=\"0\" data-touch=\"1\" data-non-touch=\"1\" data-comments=\"0\" data-commentsbg=\"transparent\" data-location=\"page\" data-mutedfg=\"#006d91\" data-endfg=\"#006d91\" data-rtl=\"\">\n<p class=\"has-small-font-size\">Foto \u2013 Carlos Moura\/SCO\/ST<\/p>\n<p>C\u00e1rmen L\u00facia, ministra do Supremo Tribunal Federal (STF) e presidente do Tribunal Superior Eleitoral (TSE), votou no segundo turno das elei\u00e7\u00f5es municipais neste domingo (27) em Belo Horizonte, Minas Gerais.<\/p>\n<p>Ela chegou \u00e0 se\u00e7\u00e3o antes da abertura da vota\u00e7\u00e3o no Col\u00e9gio Santo Agostinho. Enquanto aguardava na fila, conversou com outros eleitores.<\/p>\n<p>Ap\u00f3s o voto, a ministra declarou que espera \u201cque seja um domingo de alegria democr\u00e1tica, sem viol\u00eancia, em paz\u201d. Para ela, o voto \u00e9 n\u00e3o apenas um direito, mas um \u201cdever c\u00edvico\u201d.<\/p>\n<p>\u201cSem Judici\u00e1rio independente e imprensa livre, a democracia n\u00e3o acontece\u201d, afirmou a presidente do TSE, que assumiu o cargo em 3 de junho este ano, ap\u00f3s dois anos de mandato de Alexandre de Moraes. \u201cAqui, no Brasil, queremos que aconte\u00e7a sempre\u201d, disse a ju\u00edza. Ela deve voltar a Bras\u00edlia nesta tarde para acompanhar a apura\u00e7\u00e3o das 51 cidades com segundo turno.<\/p>\n<p>Em vota\u00e7\u00f5es no TSE antes de assumir a presid\u00eancia da Corte, Carmen L\u00facia foi favor\u00e1vel \u00e0 autoconcess\u00e3o de poderes de pol\u00edcia \u00e0 Justi\u00e7a Eleitoral, que ent\u00e3o p\u00f4de determinar \u201cde of\u00edcio\u201d a remo\u00e7\u00e3o de conte\u00fados. Ela relatou novas resolu\u00e7\u00f5es do Tribunal, v\u00e1lidas para estas elei\u00e7\u00f5es, que limitaram a liberdade de express\u00e3o nas m\u00eddias sociais. Em 2022, a ministra votou a favor de\u00a0censura pr\u00e9via ao document\u00e1rio\u00a0<em>Quem mandou matar Jair Bolsonaro?<\/em>, da produtora Brasil Paralelo, que estrearia dias antes do segundo turno das elei\u00e7\u00f5es presidenciais daquele ano.<\/p>\n<h3 class=\"wp-block-heading\">Em pronunciamento, Carmen L\u00facia disse que urnas s\u00e3o \u201cseguras e audit\u00e1veis\u201d<\/h3>\n<p>No s\u00e1bado, C\u00e1rmen L\u00facia havia feito\u00a0um pronunciamento\u00a0para toda a cadeia nacional de telecomunica\u00e7\u00f5es em que agradeceu a mes\u00e1rios, funcion\u00e1rios da Justi\u00e7a Eleitoral e for\u00e7as de seguran\u00e7a por seu trabalho. Ela tamb\u00e9m reafirmou que as urnas eletr\u00f4nicas s\u00e3o \u201cseguras e audit\u00e1veis\u201d.<\/p>\n<p>Em Belo Horizonte, disputam o cargo de prefeito os candidatos Fuad Noman (PSD) e Bruno Engler (PL), favoritos da esquerda e da direita, respectivamente. Uma pesquisa da AtlasIntel conclu\u00edda h\u00e1 uma semana deu vantagem a Noman, com 52,4% das inten\u00e7\u00f5es de voto.<\/p>\n<p><strong><a href=\"https:\/\/www.gazetadopovo.com.br\/republica\/sem-judiciario-independente-e-imprensa-livre-democracia-nao-acontece-diz-carmen-lucia\/\">Source link<\/a><\/strong><\/p>\n<\/div>\n<p><br \/>\n<br \/><a href=\"https:\/\/paulofigueiredoshow.com\/sem-judiciario-independente-e-imprensa-livre-democracia-nao-acontece-diz-carmen-lucia\/\">Source link <\/a><\/p>","protected":false},"excerpt":{"rendered":"<p>Foto \u2013 Carlos Moura\/SCO\/ST C\u00e1rmen L\u00facia, ministra do Supremo Tribunal Federal (STF) e presidente do Tribunal Superior Eleitoral (TSE), votou no segundo turno das elei\u00e7\u00f5es municipais neste domingo (27) em&hellip;<\/p>","protected":false},"author":1,"featured_media":38396,"comment_status":"closed","ping_status":"open","sticky":false,"template":"","format":"standard","meta":{"content-type":"","footnotes":""},"categories":[16],"tags":[],"class_list":["post-52518","post","type-post","status-publish","format-standard","has-post-thumbnail","hentry","category-noticias"],"_links":{"self":[{"href":"https:\/\/tvbrazilusa.com\/pt\/wp-json\/wp\/v2\/posts\/52518","targetHints":{"allow":["GET"]}}],"collection":[{"href":"https:\/\/tvbrazilusa.com\/pt\/wp-json\/wp\/v2\/posts"}],"about":[{"href":"https:\/\/tvbrazilusa.com\/pt\/wp-json\/wp\/v2\/types\/post"}],"author":[{"embeddable":true,"href":"https:\/\/tvbrazilusa.com\/pt\/wp-json\/wp\/v2\/users\/1"}],"replies":[{"embeddable":true,"href":"https:\/\/tvbrazilusa.com\/pt\/wp-json\/wp\/v2\/comments?post=52518"}],"version-history":[{"count":1,"href":"https:\/\/tvbrazilusa.com\/pt\/wp-json\/wp\/v2\/posts\/52518\/revisions"}],"predecessor-version":[{"id":52519,"href":"https:\/\/tvbrazilusa.com\/pt\/wp-json\/wp\/v2\/posts\/52518\/revisions\/52519"}],"wp:featuredmedia":[{"embeddable":true,"href":"https:\/\/tvbrazilusa.com\/pt\/wp-json\/wp\/v2\/media\/38396"}],"wp:attachment":[{"href":"https:\/\/tvbrazilusa.com\/pt\/wp-json\/wp\/v2\/media?parent=52518"}],"wp:term":[{"taxonomy":"category","embeddable":true,"href":"https:\/\/tvbrazilusa.com\/pt\/wp-json\/wp\/v2\/categories?post=52518"},{"taxonomy":"post_tag","embeddable":true,"href":"https:\/\/tvbrazilusa.com\/pt\/wp-json\/wp\/v2\/tags?post=52518"}],"curies":[{"name":"wp","href":"https:\/\/api.w.org\/{rel}","templated":true}]}}