{"id":52523,"date":"2024-10-28T00:07:43","date_gmt":"2024-10-28T00:07:43","guid":{"rendered":"https:\/\/tvbrazilusa.com\/2024\/10\/28\/emilia-correa-pl-e-eleita-prefeita-de-aracaju-no-2o-turno\/"},"modified":"2024-10-28T00:07:44","modified_gmt":"2024-10-28T00:07:44","slug":"emilia-correa-pl-e-eleita-prefeita-de-aracaju-no-2o-turno","status":"publish","type":"post","link":"https:\/\/tvbrazilusa.com\/pt\/2024\/10\/28\/emilia-correa-pl-e-eleita-prefeita-de-aracaju-no-2o-turno\/","title":{"rendered":"Em\u00edlia Corr\u00eaa (PL) \u00e9 eleita prefeita de Aracaju no 2\u00ba turno"},"content":{"rendered":"<p> <script async src=\"https:\/\/pagead2.googlesyndication.com\/pagead\/js\/adsbygoogle.js?client=ca-pub-8864793242727901\"\r\n     crossorigin=\"anonymous\"><\/script><br \/>\n<\/p>\n<div id=\"taboola-read-more\" style=\"display:block; width:100%\">\n<p>A candidata <a href=\"https:\/\/www.cnnbrasil.com.br\/eleicoes\/2024\/candidatos\/se\/aracaju\/prefeito\/22-emilia-correa\/\">Em\u00edlia Corr\u00eaa (PL)<\/a> foi eleita <a href=\"https:\/\/www.cnnbrasil.com.br\/eleicoes\/2024\/candidatos\/se\/aracaju\/prefeito\/\" target=\"_blank\" rel=\"noopener noreferrer\">prefeita de Aracaju<\/a> neste domingo (27).\n<\/p>\n<p>\u00a0<\/p>\n<p>Corr\u00eaa venceu a disputa em <a href=\"https:\/\/www.cnnbrasil.com.br\/politica\/quando-e-a-votacao-nas-eleicoes-de-2024\/\" target=\"_blank\" rel=\"noopener noreferrer\">segundo turno<\/a>, derrotando <a href=\"https:\/\/www.cnnbrasil.com.br\/eleicoes\/2024\/candidatos\/se\/aracaju\/prefeito\/12-luiz-roberto\/\">Luiz Roberto (PDT)<\/a>.<\/p>\n<p>Ela ficar\u00e1 no comando da capital de Sergipe at\u00e9 o final de 2028. A <a href=\"https:\/\/www.cnnbrasil.com.br\/eleicoes\/quando-e-a-posse-dos-candidatos-a-prefeito-eleitos-em-2024\/\" target=\"_blank\" rel=\"noopener noreferrer\">posse<\/a> acontece em 1\u00ba de janeiro de 2025.<\/p>\n<p>CNN              <\/p>\n<\/div>\n<p><br \/>\n<br \/><a href=\"https:\/\/diariodobrasilnoticias.com.br\/noticia\/emilia-correa-pl-e-eleita-prefeita-de-aracaju-no-2-turno-671eabd7c678c\">Source link <\/a><\/p>","protected":false},"excerpt":{"rendered":"<p>A candidata Em\u00edlia Corr\u00eaa (PL) foi eleita prefeita de Aracaju neste domingo (27). \u00a0 Corr\u00eaa venceu a disputa em segundo turno, derrotando Luiz Roberto (PDT). Ela ficar\u00e1 no comando da&hellip;<\/p>","protected":false},"author":1,"featured_media":52524,"comment_status":"closed","ping_status":"open","sticky":false,"template":"","format":"standard","meta":{"content-type":"","footnotes":""},"categories":[16],"tags":[123,2448,5313,1267],"class_list":["post-52523","post","type-post","status-publish","format-standard","has-post-thumbnail","hentry","category-noticias","tag-brasil","tag-diario","tag-noticia","tag-noticias"],"_links":{"self":[{"href":"https:\/\/tvbrazilusa.com\/pt\/wp-json\/wp\/v2\/posts\/52523","targetHints":{"allow":["GET"]}}],"collection":[{"href":"https:\/\/tvbrazilusa.com\/pt\/wp-json\/wp\/v2\/posts"}],"about":[{"href":"https:\/\/tvbrazilusa.com\/pt\/wp-json\/wp\/v2\/types\/post"}],"author":[{"embeddable":true,"href":"https:\/\/tvbrazilusa.com\/pt\/wp-json\/wp\/v2\/users\/1"}],"replies":[{"embeddable":true,"href":"https:\/\/tvbrazilusa.com\/pt\/wp-json\/wp\/v2\/comments?post=52523"}],"version-history":[{"count":1,"href":"https:\/\/tvbrazilusa.com\/pt\/wp-json\/wp\/v2\/posts\/52523\/revisions"}],"predecessor-version":[{"id":52525,"href":"https:\/\/tvbrazilusa.com\/pt\/wp-json\/wp\/v2\/posts\/52523\/revisions\/52525"}],"wp:featuredmedia":[{"embeddable":true,"href":"https:\/\/tvbrazilusa.com\/pt\/wp-json\/wp\/v2\/media\/52524"}],"wp:attachment":[{"href":"https:\/\/tvbrazilusa.com\/pt\/wp-json\/wp\/v2\/media?parent=52523"}],"wp:term":[{"taxonomy":"category","embeddable":true,"href":"https:\/\/tvbrazilusa.com\/pt\/wp-json\/wp\/v2\/categories?post=52523"},{"taxonomy":"post_tag","embeddable":true,"href":"https:\/\/tvbrazilusa.com\/pt\/wp-json\/wp\/v2\/tags?post=52523"}],"curies":[{"name":"wp","href":"https:\/\/api.w.org\/{rel}","templated":true}]}}