{"id":52538,"date":"2024-10-28T01:18:34","date_gmt":"2024-10-28T01:18:34","guid":{"rendered":"https:\/\/tvbrazilusa.com\/2024\/10\/28\/cicero-lucena-e-reeleito-prefeito-de-joao-pessoa\/"},"modified":"2024-10-28T01:18:35","modified_gmt":"2024-10-28T01:18:35","slug":"cicero-lucena-e-reeleito-prefeito-de-joao-pessoa","status":"publish","type":"post","link":"https:\/\/tvbrazilusa.com\/pt\/2024\/10\/28\/cicero-lucena-e-reeleito-prefeito-de-joao-pessoa\/","title":{"rendered":"C\u00edcero Lucena \u00e9 reeleito prefeito de Jo\u00e3o Pessoa"},"content":{"rendered":"<p> <script async src=\"https:\/\/pagead2.googlesyndication.com\/pagead\/js\/adsbygoogle.js?client=ca-pub-8864793242727901\"\r\n     crossorigin=\"anonymous\"><\/script><br \/>\n<\/p>\n<div id=\"taboola-read-more\" style=\"display:block; width:100%\">\n<p>O candidato <a href=\"https:\/\/www.cnnbrasil.com.br\/eleicoes\/2024\/candidatos\/pb\/joao-pessoa\/prefeito\/11-cicero-lucena\/\">C\u00edcero Lucena (PP)<\/a> foi reeleito prefeito de Jo\u00e3o Pessoa neste domingo (27).\n<\/p>\n<p>\u00a0<\/p>\n<p>Lucena conquistou um novo mandato em <a href=\"https:\/\/www.cnnbrasil.com.br\/politica\/quando-e-a-votacao-nas-eleicoes-de-2024\/\" target=\"_blank\" rel=\"noopener noreferrer\">segundo turno <\/a>na disputa contra o candidato <a href=\"https:\/\/www.cnnbrasil.com.br\/eleicoes\/2024\/candidatos\/pb\/joao-pessoa\/prefeito\/22-marcelo-queiroga\/\">Marcelo Queiroga (PL)<\/a>. Com 85,78% das urnas apuradas at\u00e9 o momento, o candidato do PL venceu com 69,98%.<\/p>\n<p>Prefeito desde 2021, Lucena agora ficar\u00e1 no comando da capital paraibana at\u00e9 o final de 2028. A <a href=\"https:\/\/www.cnnbrasil.com.br\/eleicoes\/quando-e-a-posse-dos-candidatos-a-prefeito-eleitos-em-2024\/\" target=\"_blank\" rel=\"noopener noreferrer\">posse<\/a> acontece em 1\u00ba de janeiro de 2025.\n<\/p>\n<p>CNN              <\/p>\n<\/div>\n<p><br \/>\n<br \/><a href=\"https:\/\/diariodobrasilnoticias.com.br\/noticia\/cicero-lucena-e-reeleito-prefeito-de-joao-pessoa-671ea6286a5ee\">Source link <\/a><\/p>","protected":false},"excerpt":{"rendered":"<p>O candidato C\u00edcero Lucena (PP) foi reeleito prefeito de Jo\u00e3o Pessoa neste domingo (27). \u00a0 Lucena conquistou um novo mandato em segundo turno na disputa contra o candidato Marcelo Queiroga&hellip;<\/p>","protected":false},"author":1,"featured_media":52539,"comment_status":"closed","ping_status":"open","sticky":false,"template":"","format":"standard","meta":{"content-type":"","footnotes":""},"categories":[16],"tags":[123,2448,5313,1267],"class_list":["post-52538","post","type-post","status-publish","format-standard","has-post-thumbnail","hentry","category-noticias","tag-brasil","tag-diario","tag-noticia","tag-noticias"],"_links":{"self":[{"href":"https:\/\/tvbrazilusa.com\/pt\/wp-json\/wp\/v2\/posts\/52538","targetHints":{"allow":["GET"]}}],"collection":[{"href":"https:\/\/tvbrazilusa.com\/pt\/wp-json\/wp\/v2\/posts"}],"about":[{"href":"https:\/\/tvbrazilusa.com\/pt\/wp-json\/wp\/v2\/types\/post"}],"author":[{"embeddable":true,"href":"https:\/\/tvbrazilusa.com\/pt\/wp-json\/wp\/v2\/users\/1"}],"replies":[{"embeddable":true,"href":"https:\/\/tvbrazilusa.com\/pt\/wp-json\/wp\/v2\/comments?post=52538"}],"version-history":[{"count":1,"href":"https:\/\/tvbrazilusa.com\/pt\/wp-json\/wp\/v2\/posts\/52538\/revisions"}],"predecessor-version":[{"id":52540,"href":"https:\/\/tvbrazilusa.com\/pt\/wp-json\/wp\/v2\/posts\/52538\/revisions\/52540"}],"wp:featuredmedia":[{"embeddable":true,"href":"https:\/\/tvbrazilusa.com\/pt\/wp-json\/wp\/v2\/media\/52539"}],"wp:attachment":[{"href":"https:\/\/tvbrazilusa.com\/pt\/wp-json\/wp\/v2\/media?parent=52538"}],"wp:term":[{"taxonomy":"category","embeddable":true,"href":"https:\/\/tvbrazilusa.com\/pt\/wp-json\/wp\/v2\/categories?post=52538"},{"taxonomy":"post_tag","embeddable":true,"href":"https:\/\/tvbrazilusa.com\/pt\/wp-json\/wp\/v2\/tags?post=52538"}],"curies":[{"name":"wp","href":"https:\/\/api.w.org\/{rel}","templated":true}]}}