{"id":52541,"date":"2024-10-28T01:33:44","date_gmt":"2024-10-28T01:33:44","guid":{"rendered":"https:\/\/tvbrazilusa.com\/2024\/10\/28\/carla-dickson-assumira-vaga-de-deputada-federal-em-janeiro-de-2025\/"},"modified":"2024-10-28T01:33:45","modified_gmt":"2024-10-28T01:33:45","slug":"carla-dickson-assumira-vaga-de-deputada-federal-em-janeiro-de-2025","status":"publish","type":"post","link":"https:\/\/tvbrazilusa.com\/pt\/2024\/10\/28\/carla-dickson-assumira-vaga-de-deputada-federal-em-janeiro-de-2025\/","title":{"rendered":"Carla Dickson assumir\u00e1 vaga de deputada federal em janeiro de 2025"},"content":{"rendered":"<p> <script async src=\"https:\/\/pagead2.googlesyndication.com\/pagead\/js\/adsbygoogle.js?client=ca-pub-8864793242727901\"\r\n     crossorigin=\"anonymous\"><\/script><br \/>\n<\/p>\n<div id=\"taboola-read-more\" style=\"display:block; width:100%\">\n<p>Com a elei\u00e7\u00e3o de Paulinho Freire (Uni\u00e3o Brasil) como prefeito de Natal, Carla Dickson retornar\u00e1 \u00e0 C\u00e2mara dos Deputados em janeiro de 2025. Como primeira suplente do partido, Dickson assumir\u00e1 a vaga deixada por Freire, retomando suas atividades parlamentares. Ela j\u00e1 exerceu o mandato de deputada federal e, agora, ter\u00e1 nova oportunidade para representar o Rio Grande do Norte em Bras\u00edlia.<\/p>\n<p>RNNoticias\u00a0<\/p>\n<\/p><\/div>\n<p><br \/>\n<br \/><a href=\"https:\/\/diariodobrasilnoticias.com.br\/noticia\/carla-dickson-assumira-vaga-de-deputada-federal-em-janeiro-de-2025-671ec0b25614a\">Source link <\/a><\/p>","protected":false},"excerpt":{"rendered":"<p>Com a elei\u00e7\u00e3o de Paulinho Freire (Uni\u00e3o Brasil) como prefeito de Natal, Carla Dickson retornar\u00e1 \u00e0 C\u00e2mara dos Deputados em janeiro de 2025. Como primeira suplente do partido, Dickson assumir\u00e1&hellip;<\/p>","protected":false},"author":1,"featured_media":52542,"comment_status":"closed","ping_status":"open","sticky":false,"template":"","format":"standard","meta":{"content-type":"","footnotes":""},"categories":[16],"tags":[123,2448,5313,1267],"class_list":["post-52541","post","type-post","status-publish","format-standard","has-post-thumbnail","hentry","category-noticias","tag-brasil","tag-diario","tag-noticia","tag-noticias"],"_links":{"self":[{"href":"https:\/\/tvbrazilusa.com\/pt\/wp-json\/wp\/v2\/posts\/52541","targetHints":{"allow":["GET"]}}],"collection":[{"href":"https:\/\/tvbrazilusa.com\/pt\/wp-json\/wp\/v2\/posts"}],"about":[{"href":"https:\/\/tvbrazilusa.com\/pt\/wp-json\/wp\/v2\/types\/post"}],"author":[{"embeddable":true,"href":"https:\/\/tvbrazilusa.com\/pt\/wp-json\/wp\/v2\/users\/1"}],"replies":[{"embeddable":true,"href":"https:\/\/tvbrazilusa.com\/pt\/wp-json\/wp\/v2\/comments?post=52541"}],"version-history":[{"count":1,"href":"https:\/\/tvbrazilusa.com\/pt\/wp-json\/wp\/v2\/posts\/52541\/revisions"}],"predecessor-version":[{"id":52543,"href":"https:\/\/tvbrazilusa.com\/pt\/wp-json\/wp\/v2\/posts\/52541\/revisions\/52543"}],"wp:featuredmedia":[{"embeddable":true,"href":"https:\/\/tvbrazilusa.com\/pt\/wp-json\/wp\/v2\/media\/52542"}],"wp:attachment":[{"href":"https:\/\/tvbrazilusa.com\/pt\/wp-json\/wp\/v2\/media?parent=52541"}],"wp:term":[{"taxonomy":"category","embeddable":true,"href":"https:\/\/tvbrazilusa.com\/pt\/wp-json\/wp\/v2\/categories?post=52541"},{"taxonomy":"post_tag","embeddable":true,"href":"https:\/\/tvbrazilusa.com\/pt\/wp-json\/wp\/v2\/tags?post=52541"}],"curies":[{"name":"wp","href":"https:\/\/api.w.org\/{rel}","templated":true}]}}