{"id":52559,"date":"2024-10-28T02:45:27","date_gmt":"2024-10-28T02:45:27","guid":{"rendered":"https:\/\/tvbrazilusa.com\/2024\/10\/28\/uruguai-segundo-turno-tera-apadrinhado-de-mujica-e-candidato-de-direita-paulo-figueiredo\/"},"modified":"2024-10-28T02:45:42","modified_gmt":"2024-10-28T02:45:42","slug":"uruguai-segundo-turno-tera-apadrinhado-de-mujica-e-candidato-de-direita-paulo-figueiredo","status":"publish","type":"post","link":"https:\/\/tvbrazilusa.com\/pt\/2024\/10\/28\/uruguai-segundo-turno-tera-apadrinhado-de-mujica-e-candidato-de-direita-paulo-figueiredo\/","title":{"rendered":"Uruguai: Segundo turno ter\u00e1 apadrinhado de Mujica e candidato de direita &#8211; Paulo Figueiredo"},"content":{"rendered":"<p> <script async src=\"https:\/\/pagead2.googlesyndication.com\/pagead\/js\/adsbygoogle.js?client=ca-pub-8864793242727901\"\r\n     crossorigin=\"anonymous\"><\/script><br \/>\n<\/p>\n<div id=\"wtr-content\" data-bg=\"#FFFFFF\" data-fg=\"#006d91\" data-width=\"25\" data-mute=\"1\" data-fgopacity=\"1.00\" data-mutedopacity=\"0.5\" data-placement=\"bottom\" data-placement-offset=\"0\" data-content-offset=\"262\" data-placement-touch=\"bottom\" data-placement-offset-touch=\"0\" data-transparent=\"\" data-shadow=\"0\" data-touch=\"1\" data-non-touch=\"1\" data-comments=\"0\" data-commentsbg=\"transparent\" data-location=\"page\" data-mutedfg=\"#006d91\" data-endfg=\"#006d91\" data-rtl=\"\">\n<h3 class=\"wp-block-heading\">Institutos de pesquisa no Uruguai d\u00e3o conta de que o segundo turno presidencial contar\u00e1 com as presen\u00e7as de Yamand\u00fa Orsi e \u00c1lvaro Delgado.<\/h3>\n<p>Institutos de pesquisa no Uruguai d\u00e3o conta de que o\u00a0segundo turno presidencial\u00a0no pa\u00eds contar\u00e1 com as presen\u00e7as dos candidatos Yamand\u00fa Orsi, do partido Frente Ampla (coaliz\u00e3o de esquerda e centro-esquerda) e \u00c1lvaro Delgado, do Partido Nacional (de centro-direita e candidato governista ao Executivo). Quase 90% dos eleitores aptos a voto foram \u00e0s urnas, que fecharam \u00e0s 19h30 deste domingo.<\/p>\n<p>Yamand\u00fa Orsi, apadrinhado pol\u00edtico de Jos\u00e9 \u201cPepe\u201d Mujica, lidera as pesquisas de boca de urna com 44% das inten\u00e7\u00f5es de voto. \u00c1lvaro Delgado, candidato da situa\u00e7\u00e3o e apoiado pelo atual presidente, Luis Lacalle Pou, aparece com 27%. Em terceiro, Andr\u00e9s Ojeda, do centrista Partido Colorado, tem 16% dos votos.<\/p>\n<p>Caso seja eleito em segundo turno daqui um m\u00eas, no dia 24 de novembro, o candidato apoiado por Mujica recolocar\u00e1 a esquerdista Frente Ampla de volta ao poder ap\u00f3s cinco anos. A coaliz\u00e3o governou o Uruguai entre os anos de 2005 e 2020, com dois mandatos de Tabar\u00e9 V\u00e1zquez e um do pr\u00f3prio Jos\u00e9 Mujica.<\/p>\n<p>Al\u00e9m de eleger o chefe do Executivo, os cerca de 2,7 milh\u00f5es de eleitores aptos a voto tamb\u00e9m foram questionados sobre duas propostas de mudan\u00e7as na Constitui\u00e7\u00e3o do pa\u00eds , a principal delas referente \u00e0 reforma na aposentadoria, que prev\u00ea o fim da previd\u00eancia privada, tema que vem sendo protagonista nas elei\u00e7\u00f5es deste ano.<\/p>\n<p>Al\u00e9m disso, outro plebiscito foi votado neste domingo, que legisla sobre a permiss\u00e3o para que opera\u00e7\u00f5es de busca, apreens\u00e3o e pris\u00e3o sejam realizadas em domic\u00edlios no per\u00edodo noturno, pr\u00e1tica proibida pela Carta Magna uruguaia. Segundo os institutos de pesquisa, muito provavelmente nenhuma das duas medidas ser\u00e1 aprovada, j\u00e1 que n\u00e3o chegar\u00e3o a atingir 50% dos votos necess\u00e1rios.<\/p>\n<p><strong><a href=\"https:\/\/www.gazetadopovo.com.br\/mundo\/uruguai-2o-turno-devera-ter-embate-entre-apadrinhado-de-mujica-e-candidato-conservador\/\">Source link<\/a><\/strong><\/p>\n<\/div>\n<p><br \/>\n<br \/><a href=\"https:\/\/paulofigueiredoshow.com\/uruguai-segundo-turno-tera-apadrinhado-de-mujica-e-candidato-de-direita\/\">Source link <\/a><\/p>","protected":false},"excerpt":{"rendered":"<p>Institutos de pesquisa no Uruguai d\u00e3o conta de que o segundo turno presidencial contar\u00e1 com as presen\u00e7as de Yamand\u00fa Orsi e \u00c1lvaro Delgado. Institutos de pesquisa no Uruguai d\u00e3o conta&hellip;<\/p>","protected":false},"author":1,"featured_media":52560,"comment_status":"closed","ping_status":"open","sticky":false,"template":"","format":"standard","meta":{"content-type":"","footnotes":""},"categories":[16],"tags":[87,1408,227,29665,29666,2434,8387,4152],"class_list":["post-52559","post","type-post","status-publish","format-standard","has-post-thumbnail","hentry","category-noticias","tag-direita","tag-eleicoes","tag-esquerda","tag-mujica","tag-partido-nacional","tag-pesquisa","tag-segundo","tag-uruguai"],"_links":{"self":[{"href":"https:\/\/tvbrazilusa.com\/pt\/wp-json\/wp\/v2\/posts\/52559","targetHints":{"allow":["GET"]}}],"collection":[{"href":"https:\/\/tvbrazilusa.com\/pt\/wp-json\/wp\/v2\/posts"}],"about":[{"href":"https:\/\/tvbrazilusa.com\/pt\/wp-json\/wp\/v2\/types\/post"}],"author":[{"embeddable":true,"href":"https:\/\/tvbrazilusa.com\/pt\/wp-json\/wp\/v2\/users\/1"}],"replies":[{"embeddable":true,"href":"https:\/\/tvbrazilusa.com\/pt\/wp-json\/wp\/v2\/comments?post=52559"}],"version-history":[{"count":1,"href":"https:\/\/tvbrazilusa.com\/pt\/wp-json\/wp\/v2\/posts\/52559\/revisions"}],"predecessor-version":[{"id":52561,"href":"https:\/\/tvbrazilusa.com\/pt\/wp-json\/wp\/v2\/posts\/52559\/revisions\/52561"}],"wp:featuredmedia":[{"embeddable":true,"href":"https:\/\/tvbrazilusa.com\/pt\/wp-json\/wp\/v2\/media\/52560"}],"wp:attachment":[{"href":"https:\/\/tvbrazilusa.com\/pt\/wp-json\/wp\/v2\/media?parent=52559"}],"wp:term":[{"taxonomy":"category","embeddable":true,"href":"https:\/\/tvbrazilusa.com\/pt\/wp-json\/wp\/v2\/categories?post=52559"},{"taxonomy":"post_tag","embeddable":true,"href":"https:\/\/tvbrazilusa.com\/pt\/wp-json\/wp\/v2\/tags?post=52559"}],"curies":[{"name":"wp","href":"https:\/\/api.w.org\/{rel}","templated":true}]}}