{"id":52588,"date":"2024-10-24T23:49:38","date_gmt":"2024-10-24T23:49:38","guid":{"rendered":"https:\/\/tvbrazilusa.com\/2024\/10\/24\/horario-de-verao-na-florida-quando-atrasar-os-relogios-em-2024\/"},"modified":"2024-10-28T09:44:47","modified_gmt":"2024-10-28T09:44:47","slug":"horario-de-verao-na-florida-quando-atrasar-os-relogios-em-2024","status":"publish","type":"post","link":"https:\/\/tvbrazilusa.com\/pt\/2024\/10\/24\/horario-de-verao-na-florida-quando-atrasar-os-relogios-em-2024\/","title":{"rendered":"Hor\u00e1rio de ver\u00e3o na Fl\u00f3rida: quando atrasar os rel\u00f3gios em 2024"},"content":{"rendered":"<p> <script async src=\"https:\/\/pagead2.googlesyndication.com\/pagead\/js\/adsbygoogle.js?client=ca-pub-8864793242727901\"\r\n     crossorigin=\"anonymous\"><\/script><br \/>\n<\/p>\n<div>\n<p>FL\u00d3RIDA \u2013 Estaremos perdendo cerca de um minuto e meio de luz do dia por dia em Tampa-St. Regi\u00e3o de Pete de agora at\u00e9 domingo, 3 de novembro, quando termina o hor\u00e1rio de ver\u00e3o &#8211; e al\u00e9m, quando o inverno bate \u00e0 porta.<\/p>\n<\/div>\n<div>\n<p>Atrasaremos os rel\u00f3gios em uma hora com o fim do hor\u00e1rio de ver\u00e3o em 3 de novembro, retornando a um hor\u00e1rio na regi\u00e3o de Tampa, quando o sol se p\u00f5e por volta das 18h45. Quando o solst\u00edcio de inverno chegar, em 21 de dezembro, n\u00f3s &#8216; Teremos apenas 10 horas, 23 minutos e 4 segundos de luz do dia. <\/p>\n<p>Assim que voltarmos ao hor\u00e1rio padr\u00e3o, o nascer e o p\u00f4r do sol ser\u00e3o uma hora mais cedo.<\/p>\n<\/div>\n<div>\n<p>A ideia original por tr\u00e1s do hor\u00e1rio de ver\u00e3o, implementada pela primeira vez h\u00e1 mais de um s\u00e9culo com a Lei do Hor\u00e1rio Padr\u00e3o de 1918, era conservar energia adicionando mais horas diurnas aos turnos de trabalho.<\/p>\n<p>A efic\u00e1cia do hor\u00e1rio de ver\u00e3o como medida de conserva\u00e7\u00e3o de energia \u00e9 discut\u00edvel. Um estudo do Departamento de Energia de 2008 descobriu que o hor\u00e1rio de ver\u00e3o economizou ao pa\u00eds quase 1 bilh\u00e3o de quilowatts-hora de eletricidade, mas uma meta-an\u00e1lise de 44 estudos de 2018 encontrou apenas uma redu\u00e7\u00e3o de apenas 0,34% no consumo de energia. Um estudo de 2011 realizado em Indiana, que tem um <a href=\"https:\/\/www.indystar.com\/story\/news\/politics\/2018\/11\/27\/indianapolis-indiana-time-zone-history-central-eastern-daylight-savings-time\/2126300002\/\" rel=\"nofollow noopener\" target=\"_blank\">hist\u00f3ria complicada e confusa com o hor\u00e1rio de ver\u00e3o<\/a>encontrou um consumo de energia um pouco maior durante o hor\u00e1rio de ver\u00e3o.<\/p>\n<\/div>\n<div>\n<p>O hor\u00e1rio de ver\u00e3o tamb\u00e9m \u00e9 complicado no Arizona, que parou de observ\u00e1-lo em 1968 com base nas necessidades energ\u00e9ticas de um clima quente e des\u00e9rtico. Mudar uma hora de luz do dia da manh\u00e3 para o final do dia, quando as temperaturas s\u00e3o normalmente mais altas, traduziu-se em mais uso do ar condicionado, e n\u00e3o menos.<\/p>\n<p>No entanto, a Na\u00e7\u00e3o Navajo, na parte nordeste do estado, observa o hor\u00e1rio de ver\u00e3o. A Na\u00e7\u00e3o Hopi, que a rodeia, n\u00e3o.<\/p>\n<\/div>\n<div>\n<p>O \u00fanico outro estado que n\u00e3o observa o hor\u00e1rio de ver\u00e3o \u00e9 o Hava\u00ed, onde \u00e9 um ponto discut\u00edvel. A dura\u00e7\u00e3o dos dias e as temperaturas no Hava\u00ed permanecem bastante consistentes durante o ano devido \u00e0 proximidade do estado tropical com o equador.<\/p>\n<p>A legisla\u00e7\u00e3o aprovada no Senado h\u00e1 dois anos para adotar o hor\u00e1rio de ver\u00e3o durante todo o ano alimentou brevemente as esperan\u00e7as de alguns americanos que querem dispensar o ritual de mudan\u00e7a de rel\u00f3gio duas vezes por ano, mas n\u00e3o conseguiu sair do comit\u00ea em na C\u00e2mara, onde alguns legisladores favoreceram o hor\u00e1rio padr\u00e3o durante todo o ano.<\/p>\n<\/div>\n<div>\n<p>UM <a href=\"https:\/\/docs.cdn.yougov.com\/etwjvohrxx\/Daylight_Saving_Time_Toplines_Crosstabs.pdf\" rel=\"nofollow noopener\" target=\"_blank\">Enquete YouGov<\/a> o ano passado mostrou que os americanos est\u00e3o irremediavelmente divididos sobre se devem manter o hor\u00e1rio de ver\u00e3o durante todo o ano ou abandon\u00e1-lo em favor do que \u00e9 coloquialmente chamado de \u201ctempo de Deus\u201d ou continuar avan\u00e7ando e retrocedendo.<\/p>\n<p>A pesquisa de opini\u00e3o p\u00fablica realizada no in\u00edcio de mar\u00e7o, ap\u00f3s o in\u00edcio do hor\u00e1rio de ver\u00e3o, revelou que 62% das pessoas desejam dispensar o ritual. Destes, 50% queriam adotar o hor\u00e1rio de ver\u00e3o permanente e 31% preferiam o hor\u00e1rio padr\u00e3o permanente.<\/p>\n<\/div>\n<p><br \/>\n<br \/><a href=\"http:\/\/patch.com\/florida\/stpete\/daylight-saving-time-fl-when-turn-back-clocks-2024?utm_source=article-mostrecent&#038;utm_medium=rss&#038;utm_term=weather&#038;utm_campaign=recirc&#038;utm_content=aol\">Source link <\/a><\/p>","protected":false},"excerpt":{"rendered":"<p>FL\u00d3RIDA \u2013 Estaremos perdendo cerca de um minuto e meio de luz do dia por dia em Tampa-St. Regi\u00e3o de Pete de agora at\u00e9 domingo, 3 de novembro, quando termina&hellip;<\/p>","protected":false},"author":1,"featured_media":52589,"comment_status":"closed","ping_status":"open","sticky":false,"template":"","format":"standard","meta":{"content-type":"","footnotes":""},"categories":[1],"tags":[],"class_list":["post-52588","post","type-post","status-publish","format-standard","has-post-thumbnail","hentry","category-uncategorized"],"_links":{"self":[{"href":"https:\/\/tvbrazilusa.com\/pt\/wp-json\/wp\/v2\/posts\/52588","targetHints":{"allow":["GET"]}}],"collection":[{"href":"https:\/\/tvbrazilusa.com\/pt\/wp-json\/wp\/v2\/posts"}],"about":[{"href":"https:\/\/tvbrazilusa.com\/pt\/wp-json\/wp\/v2\/types\/post"}],"author":[{"embeddable":true,"href":"https:\/\/tvbrazilusa.com\/pt\/wp-json\/wp\/v2\/users\/1"}],"replies":[{"embeddable":true,"href":"https:\/\/tvbrazilusa.com\/pt\/wp-json\/wp\/v2\/comments?post=52588"}],"version-history":[{"count":1,"href":"https:\/\/tvbrazilusa.com\/pt\/wp-json\/wp\/v2\/posts\/52588\/revisions"}],"predecessor-version":[{"id":52590,"href":"https:\/\/tvbrazilusa.com\/pt\/wp-json\/wp\/v2\/posts\/52588\/revisions\/52590"}],"wp:featuredmedia":[{"embeddable":true,"href":"https:\/\/tvbrazilusa.com\/pt\/wp-json\/wp\/v2\/media\/52589"}],"wp:attachment":[{"href":"https:\/\/tvbrazilusa.com\/pt\/wp-json\/wp\/v2\/media?parent=52588"}],"wp:term":[{"taxonomy":"category","embeddable":true,"href":"https:\/\/tvbrazilusa.com\/pt\/wp-json\/wp\/v2\/categories?post=52588"},{"taxonomy":"post_tag","embeddable":true,"href":"https:\/\/tvbrazilusa.com\/pt\/wp-json\/wp\/v2\/tags?post=52588"}],"curies":[{"name":"wp","href":"https:\/\/api.w.org\/{rel}","templated":true}]}}