{"id":52667,"date":"2024-10-28T14:49:22","date_gmt":"2024-10-28T14:49:22","guid":{"rendered":"https:\/\/tvbrazilusa.com\/2024\/10\/28\/ira-diz-que-usara-todas-as-ferramentas-para-resposta-ao-ataque-de-israel\/"},"modified":"2024-10-28T14:49:23","modified_gmt":"2024-10-28T14:49:23","slug":"ira-diz-que-usara-todas-as-ferramentas-para-resposta-ao-ataque-de-israel","status":"publish","type":"post","link":"https:\/\/tvbrazilusa.com\/pt\/2024\/10\/28\/ira-diz-que-usara-todas-as-ferramentas-para-resposta-ao-ataque-de-israel\/","title":{"rendered":"Ir\u00e3 diz que \u2018usar\u00e1 todas as ferramentas\u2019 para resposta ao ataque de Israel"},"content":{"rendered":"<p> <script async src=\"https:\/\/pagead2.googlesyndication.com\/pagead\/js\/adsbygoogle.js?client=ca-pub-8864793242727901\"\r\n     crossorigin=\"anonymous\"><\/script><br \/>\n<\/p>\n<div id=\"taboola-read-more\" style=\"display:block; width:100%\">\n<p>O Ir\u00e3 \u201cusar\u00e1 todas as ferramentas dispon\u00edveis\u201d para responder ao ataque de Israel a alvos militares ocorrido no fim de semana, afirmou nesta segunda-feira (28) o porta-voz do Minist\u00e9rio das Rela\u00e7\u00f5es Exteriores do pa\u00eds, Esmaeil Baghaei. A fala foi feita durante uma coletiva de imprensa transmitida pela televis\u00e3o iraniana.\n<\/p>\n<p>\u201c(O Ir\u00e3) usar\u00e1 todas as ferramentas dispon\u00edveis para entregar uma resposta definitiva e eficaz ao regime sionista (Israel)\u201d, declarou Baghaei.<\/p>\n<p>O ataque a\u00e9reo de Israel, realizado no s\u00e1bado (26), foi inicialmente minimizado pelo Ir\u00e3, que informou que os danos foram limitados. No entanto, o governo iraniano confirmou a morte de quatro soldados.\n<\/p>\n<p>Baghaei indicou que a resposta iraniana depender\u00e1 da natureza do ataque israelense, mas n\u00e3o deu detalhes adicionais.\n<\/p>\n<p>No domingo (27), o l\u00edder supremo do Ir\u00e3, Ayatollah Ali Khamenei, ressaltou que as autoridades iranianas devem avaliar a melhor maneira de demonstrar o poder do pa\u00eds frente a Israel, observando que o ataque israelense \u201cn\u00e3o deve ser subestimado nem exagerado\u201d.\n<\/p>\n<p>O ex\u00e9rcito israelense relatou que centenas de jatos completaram 3 ondas de ataques antes do amanhecer de s\u00e1bado, atingindo f\u00e1bricas de m\u00edsseis e outros locais pr\u00f3ximos a Teer\u00e3 e no oeste do Ir\u00e3.\n<\/p>\n<p>Em meio a esse ciclo de retalia\u00e7\u00f5es m\u00fatuas que se prolonga h\u00e1 meses, o ataque de s\u00e1bado sucedeu um bombardeio de m\u00edsseis iranianos em 1\u00ba de outubro, a maioria dos quais, segundo Israel, foi interceptada por seu sistema de defesa a\u00e9rea.\n<\/p>\n<p>O Ir\u00e3 tamb\u00e9m apoia os terroristas do Hezbollah, que combate as for\u00e7as israelenses no L\u00edbano, e o grupo terrorista palestino Hamas, que enfrenta Israel na Faixa de Gaza.<\/p>\n<p>Fonte: Gazeta Brasil              <\/p>\n<\/div>\n<p><br \/>\n<br \/><a href=\"https:\/\/diariodobrasilnoticias.com.br\/noticia\/ira-diz-que-usara-todas-as-ferramentas-para-resposta-ao-ataque-de-israel-671f8ce266b26\">Source link <\/a><\/p>","protected":false},"excerpt":{"rendered":"<p>O Ir\u00e3 \u201cusar\u00e1 todas as ferramentas dispon\u00edveis\u201d para responder ao ataque de Israel a alvos militares ocorrido no fim de semana, afirmou nesta segunda-feira (28) o porta-voz do Minist\u00e9rio das&hellip;<\/p>","protected":false},"author":1,"featured_media":52668,"comment_status":"closed","ping_status":"open","sticky":false,"template":"","format":"standard","meta":{"content-type":"","footnotes":""},"categories":[16],"tags":[123,2448,5313,1267],"class_list":["post-52667","post","type-post","status-publish","format-standard","has-post-thumbnail","hentry","category-noticias","tag-brasil","tag-diario","tag-noticia","tag-noticias"],"_links":{"self":[{"href":"https:\/\/tvbrazilusa.com\/pt\/wp-json\/wp\/v2\/posts\/52667","targetHints":{"allow":["GET"]}}],"collection":[{"href":"https:\/\/tvbrazilusa.com\/pt\/wp-json\/wp\/v2\/posts"}],"about":[{"href":"https:\/\/tvbrazilusa.com\/pt\/wp-json\/wp\/v2\/types\/post"}],"author":[{"embeddable":true,"href":"https:\/\/tvbrazilusa.com\/pt\/wp-json\/wp\/v2\/users\/1"}],"replies":[{"embeddable":true,"href":"https:\/\/tvbrazilusa.com\/pt\/wp-json\/wp\/v2\/comments?post=52667"}],"version-history":[{"count":1,"href":"https:\/\/tvbrazilusa.com\/pt\/wp-json\/wp\/v2\/posts\/52667\/revisions"}],"predecessor-version":[{"id":52669,"href":"https:\/\/tvbrazilusa.com\/pt\/wp-json\/wp\/v2\/posts\/52667\/revisions\/52669"}],"wp:featuredmedia":[{"embeddable":true,"href":"https:\/\/tvbrazilusa.com\/pt\/wp-json\/wp\/v2\/media\/52668"}],"wp:attachment":[{"href":"https:\/\/tvbrazilusa.com\/pt\/wp-json\/wp\/v2\/media?parent=52667"}],"wp:term":[{"taxonomy":"category","embeddable":true,"href":"https:\/\/tvbrazilusa.com\/pt\/wp-json\/wp\/v2\/categories?post=52667"},{"taxonomy":"post_tag","embeddable":true,"href":"https:\/\/tvbrazilusa.com\/pt\/wp-json\/wp\/v2\/tags?post=52667"}],"curies":[{"name":"wp","href":"https:\/\/api.w.org\/{rel}","templated":true}]}}