{"id":52679,"date":"2024-10-28T14:33:04","date_gmt":"2024-10-28T14:33:04","guid":{"rendered":"https:\/\/tvbrazilusa.com\/2024\/10\/28\/sistema-tropical-pode-se-desenvolver-no-mar-do-caribe-nhc\/"},"modified":"2024-10-28T15:41:21","modified_gmt":"2024-10-28T15:41:21","slug":"sistema-tropical-pode-se-desenvolver-no-mar-do-caribe-nhc","status":"publish","type":"post","link":"https:\/\/tvbrazilusa.com\/pt\/2024\/10\/28\/sistema-tropical-pode-se-desenvolver-no-mar-do-caribe-nhc\/","title":{"rendered":"Sistema tropical pode se desenvolver no Mar do Caribe: NHC"},"content":{"rendered":"<p> <script async src=\"https:\/\/pagead2.googlesyndication.com\/pagead\/js\/adsbygoogle.js?client=ca-pub-8864793242727901\"\r\n     crossorigin=\"anonymous\"><\/script><br \/>\n<\/p>\n<div>\n<p>FL\u00d3RIDA \u2014 Uma ampla \u00e1rea de baixa press\u00e3o est\u00e1 sendo observada para o desenvolvimento de tempestades tropicais no sudoeste do Mar do Caribe \u201cem alguns dias\u201d, <a href=\"https:\/\/www.nhc.noaa.gov\/\" target=\"_blank\" rel=\"nofollow noopener\">o Centro Nacional de Furac\u00f5es<\/a> disse. <\/p>\n<\/div>\n<div>\n<p>Tem 40 por cento de chance de se transformar em uma depress\u00e3o tropical ou tempestade nos pr\u00f3ximos sete dias, disseram os meteorologistas da ag\u00eancia. N\u00e3o h\u00e1 chance de desenvolvimento nas pr\u00f3ximas 48 horas. <\/p>\n<p>Os moradores da Fl\u00f3rida est\u00e3o observando a \u00e1rea com cautela, semanas depois que os furac\u00f5es Helene e Milton devastaram grande parte do estado. <\/p>\n<\/div>\n<div>\n<p>A temporada de furac\u00f5es no Atl\u00e2ntico de 2024 termina em 30 de novembro. Se esta \u00e1rea se desenvolver, a pr\u00f3xima tempestade nomeada do sistema ser\u00e1 Patty.<\/p>\n<p>O desenvolvimento gradual \u00e9 poss\u00edvel esta semana, com uma depress\u00e3o tropical potencialmente se formando ap\u00f3s o Halloween no final desta semana ou no fim de semana, disse o NHC. <\/p>\n<\/div>\n<div>\n<p>Este desenvolvimento acontecer\u00e1 \u00e0 medida que o sistema come\u00e7ar a deslocar-se para norte ou nordeste sobre o sudoeste e centro do Mar das Cara\u00edbas. <\/p>\n<p>&#8220;As condi\u00e7\u00f5es atmosf\u00e9ricas ser\u00e3o muito prop\u00edcias ao desenvolvimento no Caribe central do final desta semana at\u00e9 o in\u00edcio da pr\u00f3xima semana. \u00c1guas muito quentes combinadas com baixo cisalhamento do vento podem permitir o desenvolvimento&#8221;, Alex DaSilva, <a href=\"http:\/\/www.accuweather.com?partner=web_patch_adc\" target=\"_blank\" rel=\"nofollow noopener\">Especialista l\u00edder em furac\u00f5es da AccuWeather<\/a>disse. <\/p>\n<\/div>\n<div>\n<p>Se a \u00e1rea se desenvolver, \u00e9 muito cedo para saber o rumo e a for\u00e7a do sistema, disseram os meteorologistas.<\/p>\n<p>\u201cModelos ainda est\u00e3o por toda parte. Alguns a leste da Fl\u00f3rida, alguns no Golfo. Historicamente, as tempestades de novembro costumam ir mais para o leste, mas nem sempre. Ainda n\u00e3o h\u00e1 nada, mas at\u00e9 o final da semana deve haver\u201d, Denis Phillips, meteorologista-chefe da ABC Action News, <a href=\"https:\/\/www.facebook.com\/denisphillipsweatherman\/\" target=\"_blank\" rel=\"nofollow noopener\">escreveu em uma postagem no Facebook na tarde de domingo.<\/a><\/p>\n<\/div>\n<div>\n<p><a href=\"https:\/\/www.facebook.com\/denisphillipsweatherman\/\" target=\"_blank\" rel=\"nofollow noopener\">Paul Dellegatto, da Fox 13 <a href=\"https:\/\/www.facebook.com\/paul.dellegattofox\/\" target=\"_blank\" rel=\"nofollow noopener\">escreveu em uma postagem de domingo no Facebook<\/a>\u201cAcho que eventualmente algo ir\u00e1 se desenvolver. A forma\u00e7\u00e3o ser\u00e1 lenta e, se uma tempestade se desenvolver, o caminho mais prov\u00e1vel seria o leste da Fl\u00f3rida.\u201d<\/p>\n<p>O giro ou tempestade centro-americana, que geralmente \u00e9 mais ativo no in\u00edcio e no final da temporada de furac\u00f5es, combinado com o baixo cisalhamento do vento poderia alimentar o desenvolvimento do sistema, disseram os meteorologistas. Baixo cisalhamento significa que uma \u00e1rea tropical organizada n\u00e3o \u00e9 destru\u00edda \u00e0 medida que se desenvolve.<\/p>\n<p>\u201cSe houver baixo cisalhamento do vento, o que esperamos, acho que teremos a forma\u00e7\u00e3o de uma depress\u00e3o tropical ou tempestade\u201d, disse Bernie Rayno, meteorologista-chefe da AccuWeather.<\/p>\n<p>E embora as tempestades tropicais que se formam a partir do giro possam organizar-se a um ritmo mais lento, o seu desenvolvimento poder\u00e1 intensificar-se rapidamente quando acontecer, disseram os meteorologistas. <\/p>\n<p>Quer a \u00e1rea se transforme em uma depress\u00e3o tropical ou tempestade, chuvas generalizadas, deslizamentos de terra e inunda\u00e7\u00f5es repentinas s\u00e3o esperadas em grande parte do Caribe esta semana, disse AccuWeather.<\/p>\n<\/div>\n<p><br \/>\n<br \/><a href=\"http:\/\/patch.com\/florida\/southtampa\/tropical-system-eyed-development-caribbean-sea-nhc?utm_source=article-mostrecent&#038;utm_medium=rss&#038;utm_term=weather&#038;utm_campaign=recirc&#038;utm_content=aol\">Source link <\/a><\/p>","protected":false},"excerpt":{"rendered":"<p>FL\u00d3RIDA \u2014 Uma ampla \u00e1rea de baixa press\u00e3o est\u00e1 sendo observada para o desenvolvimento de tempestades tropicais no sudoeste do Mar do Caribe \u201cem alguns dias\u201d, o Centro Nacional de&hellip;<\/p>","protected":false},"author":1,"featured_media":52680,"comment_status":"closed","ping_status":"open","sticky":false,"template":"","format":"standard","meta":{"content-type":"","footnotes":""},"categories":[1],"tags":[],"class_list":["post-52679","post","type-post","status-publish","format-standard","has-post-thumbnail","hentry","category-uncategorized"],"_links":{"self":[{"href":"https:\/\/tvbrazilusa.com\/pt\/wp-json\/wp\/v2\/posts\/52679","targetHints":{"allow":["GET"]}}],"collection":[{"href":"https:\/\/tvbrazilusa.com\/pt\/wp-json\/wp\/v2\/posts"}],"about":[{"href":"https:\/\/tvbrazilusa.com\/pt\/wp-json\/wp\/v2\/types\/post"}],"author":[{"embeddable":true,"href":"https:\/\/tvbrazilusa.com\/pt\/wp-json\/wp\/v2\/users\/1"}],"replies":[{"embeddable":true,"href":"https:\/\/tvbrazilusa.com\/pt\/wp-json\/wp\/v2\/comments?post=52679"}],"version-history":[{"count":1,"href":"https:\/\/tvbrazilusa.com\/pt\/wp-json\/wp\/v2\/posts\/52679\/revisions"}],"predecessor-version":[{"id":52681,"href":"https:\/\/tvbrazilusa.com\/pt\/wp-json\/wp\/v2\/posts\/52679\/revisions\/52681"}],"wp:featuredmedia":[{"embeddable":true,"href":"https:\/\/tvbrazilusa.com\/pt\/wp-json\/wp\/v2\/media\/52680"}],"wp:attachment":[{"href":"https:\/\/tvbrazilusa.com\/pt\/wp-json\/wp\/v2\/media?parent=52679"}],"wp:term":[{"taxonomy":"category","embeddable":true,"href":"https:\/\/tvbrazilusa.com\/pt\/wp-json\/wp\/v2\/categories?post=52679"},{"taxonomy":"post_tag","embeddable":true,"href":"https:\/\/tvbrazilusa.com\/pt\/wp-json\/wp\/v2\/tags?post=52679"}],"curies":[{"name":"wp","href":"https:\/\/api.w.org\/{rel}","templated":true}]}}