{"id":52691,"date":"2024-10-28T16:02:59","date_gmt":"2024-10-28T16:02:59","guid":{"rendered":"https:\/\/tvbrazilusa.com\/2024\/10\/28\/jea-inicia-processo-de-aumento-de-taxas-jacksonville-hoje\/"},"modified":"2024-10-28T16:04:04","modified_gmt":"2024-10-28T16:04:04","slug":"jea-inicia-processo-de-aumento-de-taxas-jacksonville-hoje","status":"publish","type":"post","link":"https:\/\/tvbrazilusa.com\/pt\/2024\/10\/28\/jea-inicia-processo-de-aumento-de-taxas-jacksonville-hoje\/","title":{"rendered":"JEA inicia processo de aumento de taxas | Jacksonville hoje"},"content":{"rendered":"<p> <script async src=\"https:\/\/pagead2.googlesyndication.com\/pagead\/js\/adsbygoogle.js?client=ca-pub-8864793242727901\"\r\n     crossorigin=\"anonymous\"><\/script><br \/>\n<\/p>\n<div>\n<p><a href=\"https:\/\/www.jea.com\/\" rel=\"nofollow noopener\" target=\"_blank\">JEA<\/a> iniciar\u00e1 na ter\u00e7a-feira o processo de aumento das tarifas de energia el\u00e9trica, \u00e1gua e esgoto.<\/p>\n<p>Durante um workshop do conselho da JEA, espera-se que os funcion\u00e1rios recomendem um aumento de 6% na <a href=\"https:\/\/jaxtoday.org\/2024\/08\/30\/jea-utility-bills-credit-card\/\">arrecada\u00e7\u00e3o de receitas<\/a> em todo o seu sistema el\u00e9ctrico, a fim de colmatar um d\u00e9fice projectado de 36 milh\u00f5es de d\u00f3lares para o actual ano fiscal.<\/p>\n<p>Os l\u00edderes da autoridade municipal tamb\u00e9m partilhar\u00e3o com o conselho um d\u00e9fice previsto de 15 milh\u00f5es de d\u00f3lares para o seu sistema de \u00e1gua e esgotos neste ano fiscal.<\/p>\n<p>Se aprovado conforme apresentado, os clientes residenciais de eletricidade veriam um aumento de 7% nas suas tarifas j\u00e1 na pr\u00f3xima primavera.<\/p>\n<p>Os usu\u00e1rios residenciais veriam um aumento de 11% nas tarifas de \u00e1gua e esgoto.<\/p>\n<p>Nenhuma a\u00e7\u00e3o vinculativa ocorrer\u00e1 durante a reuni\u00e3o de amanh\u00e3. Espera-se que o conselho da JEA receba informa\u00e7\u00f5es e forne\u00e7a feedback sobre os pr\u00f3ximos passos da concession\u00e1ria.<\/p>\n<p>A reuni\u00e3o de ter\u00e7a-feira \u00e9 o primeiro passo de um processo de tr\u00eas partes. Em janeiro, o conselho convocaria uma audi\u00eancia sobre taxas. Em fevereiro, a concession\u00e1ria realizaria uma audi\u00eancia tarif\u00e1ria. Se aprovado, o primeiro dos dois aumentos das taxas entraria em vigor em abril de 2025. Um segundo aumento entraria em vigor em outubro do pr\u00f3ximo ano.<\/p>\n<p>A reuni\u00e3o come\u00e7a \u00e0s 9h na sede do JEA. Coment\u00e1rios p\u00fablicos ser\u00e3o aceitos se os palestrantes enviarem os cart\u00f5es antes do in\u00edcio da reuni\u00e3o.<\/p>\n<\/div>\n<p><br \/>\n<br \/><a href=\"https:\/\/jaxtoday.org\/2024\/10\/28\/jea-rates-increases\/\">Source link <\/a><\/p>","protected":false},"excerpt":{"rendered":"<p>JEA iniciar\u00e1 na ter\u00e7a-feira o processo de aumento das tarifas de energia el\u00e9trica, \u00e1gua e esgoto. Durante um workshop do conselho da JEA, espera-se que os funcion\u00e1rios recomendem um aumento&hellip;<\/p>","protected":false},"author":1,"featured_media":52692,"comment_status":"closed","ping_status":"open","sticky":false,"template":"","format":"standard","meta":{"content-type":"","footnotes":""},"categories":[1],"tags":[],"class_list":["post-52691","post","type-post","status-publish","format-standard","has-post-thumbnail","hentry","category-uncategorized"],"_links":{"self":[{"href":"https:\/\/tvbrazilusa.com\/pt\/wp-json\/wp\/v2\/posts\/52691","targetHints":{"allow":["GET"]}}],"collection":[{"href":"https:\/\/tvbrazilusa.com\/pt\/wp-json\/wp\/v2\/posts"}],"about":[{"href":"https:\/\/tvbrazilusa.com\/pt\/wp-json\/wp\/v2\/types\/post"}],"author":[{"embeddable":true,"href":"https:\/\/tvbrazilusa.com\/pt\/wp-json\/wp\/v2\/users\/1"}],"replies":[{"embeddable":true,"href":"https:\/\/tvbrazilusa.com\/pt\/wp-json\/wp\/v2\/comments?post=52691"}],"version-history":[{"count":1,"href":"https:\/\/tvbrazilusa.com\/pt\/wp-json\/wp\/v2\/posts\/52691\/revisions"}],"predecessor-version":[{"id":52693,"href":"https:\/\/tvbrazilusa.com\/pt\/wp-json\/wp\/v2\/posts\/52691\/revisions\/52693"}],"wp:featuredmedia":[{"embeddable":true,"href":"https:\/\/tvbrazilusa.com\/pt\/wp-json\/wp\/v2\/media\/52692"}],"wp:attachment":[{"href":"https:\/\/tvbrazilusa.com\/pt\/wp-json\/wp\/v2\/media?parent=52691"}],"wp:term":[{"taxonomy":"category","embeddable":true,"href":"https:\/\/tvbrazilusa.com\/pt\/wp-json\/wp\/v2\/categories?post=52691"},{"taxonomy":"post_tag","embeddable":true,"href":"https:\/\/tvbrazilusa.com\/pt\/wp-json\/wp\/v2\/tags?post=52691"}],"curies":[{"name":"wp","href":"https:\/\/api.w.org\/{rel}","templated":true}]}}