{"id":52706,"date":"2024-10-28T17:00:23","date_gmt":"2024-10-28T17:00:23","guid":{"rendered":"https:\/\/tvbrazilusa.com\/2024\/10\/28\/confira-o-prazo-para-justificar-ausencia-no-segundo-turno\/"},"modified":"2024-10-28T17:00:24","modified_gmt":"2024-10-28T17:00:24","slug":"confira-o-prazo-para-justificar-ausencia-no-segundo-turno","status":"publish","type":"post","link":"https:\/\/tvbrazilusa.com\/pt\/2024\/10\/28\/confira-o-prazo-para-justificar-ausencia-no-segundo-turno\/","title":{"rendered":"Confira o prazo para justificar aus\u00eancia no segundo turno"},"content":{"rendered":"<p> <script async src=\"https:\/\/pagead2.googlesyndication.com\/pagead\/js\/adsbygoogle.js?client=ca-pub-8864793242727901\"\r\n     crossorigin=\"anonymous\"><\/script><br \/>\n<\/p>\n<div id=\"taboola-read-more\" style=\"display:block; width:100%\">\n<p>Eleitores que n\u00e3o compareceram \u00e0s urnas no segundo turno das elei\u00e7\u00f5es, realizado nesse domingo (27), t\u00eam at\u00e9 o dia 7 de janeiro de 2025 para justificar a aus\u00eancia. Eleitores no exterior t\u00eam at\u00e9 30 dias ap\u00f3s o retorno ao pa\u00eds para justificar a aus\u00eancia, caso esse retorno ocorra ap\u00f3s o fim do prazo previsto no calend\u00e1rio eleitoral.\n<\/p>\n<p>A justificativa pode ser feita por meio do aplicativo e-T\u00edtulo, do autoatendimento eleitoral ou do Formul\u00e1rio de Requerimento de Justificativa Eleitoral (p\u00f3s-elei\u00e7\u00e3o). Neste \u00faltimo caso, o documento deve ser entregue em qualquer cart\u00f3rio eleitoral ou enviado via postal \u00e0 autoridade judici\u00e1ria da zona eleitoral respons\u00e1vel pelo t\u00edtulo.<\/p>\n<p>Seja qual for a op\u00e7\u00e3o escolhida, a documenta\u00e7\u00e3o que comprove o motivo da aus\u00eancia deve ser anexada para an\u00e1lise da autoridade judici\u00e1ria da zona eleitoral respons\u00e1vel pelo t\u00edtulo. Caso a justificativa seja aceita, haver\u00e1 o registro no hist\u00f3rico do t\u00edtulo eleitoral. Se a justificativa n\u00e3o for aceita, ser\u00e1 preciso quitar o d\u00e9bito.\n<\/p>\n<p>Para quem n\u00e3o votou no primeiro turno, o prazo vai at\u00e9 5 de dezembro.\n<\/p>\n<p>\u201cCada justificativa \u00e9 v\u00e1lida somente para o turno ao qual voc\u00ea n\u00e3o tenha comparecido por estar fora de seu domic\u00edlio eleitoral. Assim, caso tenha deixado de votar no primeiro e no segundo turno da elei\u00e7\u00e3o, ter\u00e1 de justificar a aus\u00eancia a cada um, separadamente, obedecendo aos requisitos e prazos de cada turno\u201d, informou o Tribunal Superior Eleitoral (TSE).\n<\/p>\n<p><strong>Entenda<\/strong>\n<\/p>\n<p>A aus\u00eancia \u00e0s urnas \u00e9 registrada logo ap\u00f3s o pleito. Os prazos de justificativa figuram como per\u00edodos que o eleitor tem para regularizar essa aus\u00eancia sem pagar multa eleitoral. A an\u00e1lise da justificativa apresentada fica sempre a cargo da autoridade judici\u00e1ria da zona eleitoral respons\u00e1vel pelo t\u00edtulo.\n<\/p>\n<p>O hist\u00f3rico de justificativas eleitorais, contendo os respectivos pleitos em que o eleitor esteve ausente, pode ser consultado no aplicativo e-T\u00edtulo. O acesso ao aplicativo est\u00e1 dispon\u00edvel, de acordo com o TSE, para quem est\u00e1 com o t\u00edtulo eleitoral regular ou suspenso.\n<\/p>\n<p>Fonte: Ag\u00eancia Brasil              <\/p>\n<\/div>\n<p><br \/>\n<br \/><a href=\"https:\/\/diariodobrasilnoticias.com.br\/noticia\/confira-o-prazo-para-justificar-ausencia-no-segundo-turno-671f9c4f9b67b\">Source link <\/a><\/p>","protected":false},"excerpt":{"rendered":"<p>Eleitores que n\u00e3o compareceram \u00e0s urnas no segundo turno das elei\u00e7\u00f5es, realizado nesse domingo (27), t\u00eam at\u00e9 o dia 7 de janeiro de 2025 para justificar a aus\u00eancia. Eleitores no&hellip;<\/p>","protected":false},"author":1,"featured_media":52707,"comment_status":"closed","ping_status":"open","sticky":false,"template":"","format":"standard","meta":{"content-type":"","footnotes":""},"categories":[16],"tags":[123,2448,5313,1267],"class_list":["post-52706","post","type-post","status-publish","format-standard","has-post-thumbnail","hentry","category-noticias","tag-brasil","tag-diario","tag-noticia","tag-noticias"],"_links":{"self":[{"href":"https:\/\/tvbrazilusa.com\/pt\/wp-json\/wp\/v2\/posts\/52706","targetHints":{"allow":["GET"]}}],"collection":[{"href":"https:\/\/tvbrazilusa.com\/pt\/wp-json\/wp\/v2\/posts"}],"about":[{"href":"https:\/\/tvbrazilusa.com\/pt\/wp-json\/wp\/v2\/types\/post"}],"author":[{"embeddable":true,"href":"https:\/\/tvbrazilusa.com\/pt\/wp-json\/wp\/v2\/users\/1"}],"replies":[{"embeddable":true,"href":"https:\/\/tvbrazilusa.com\/pt\/wp-json\/wp\/v2\/comments?post=52706"}],"version-history":[{"count":1,"href":"https:\/\/tvbrazilusa.com\/pt\/wp-json\/wp\/v2\/posts\/52706\/revisions"}],"predecessor-version":[{"id":52708,"href":"https:\/\/tvbrazilusa.com\/pt\/wp-json\/wp\/v2\/posts\/52706\/revisions\/52708"}],"wp:featuredmedia":[{"embeddable":true,"href":"https:\/\/tvbrazilusa.com\/pt\/wp-json\/wp\/v2\/media\/52707"}],"wp:attachment":[{"href":"https:\/\/tvbrazilusa.com\/pt\/wp-json\/wp\/v2\/media?parent=52706"}],"wp:term":[{"taxonomy":"category","embeddable":true,"href":"https:\/\/tvbrazilusa.com\/pt\/wp-json\/wp\/v2\/categories?post=52706"},{"taxonomy":"post_tag","embeddable":true,"href":"https:\/\/tvbrazilusa.com\/pt\/wp-json\/wp\/v2\/tags?post=52706"}],"curies":[{"name":"wp","href":"https:\/\/api.w.org\/{rel}","templated":true}]}}