{"id":52715,"date":"2024-10-28T17:44:55","date_gmt":"2024-10-28T17:44:55","guid":{"rendered":"https:\/\/tvbrazilusa.com\/2024\/10\/28\/bomba-vinicius-jr-nao-viaja-para-premio-da-bola-de-ouro-estafe-de-atacante-do-real-madrid-ve-rival-como-favorito\/"},"modified":"2024-10-28T17:44:57","modified_gmt":"2024-10-28T17:44:57","slug":"bomba-vinicius-jr-nao-viaja-para-premio-da-bola-de-ouro-estafe-de-atacante-do-real-madrid-ve-rival-como-favorito","status":"publish","type":"post","link":"https:\/\/tvbrazilusa.com\/pt\/2024\/10\/28\/bomba-vinicius-jr-nao-viaja-para-premio-da-bola-de-ouro-estafe-de-atacante-do-real-madrid-ve-rival-como-favorito\/","title":{"rendered":"BOMBA: Vinicius Jr. n\u00e3o viaja para pr\u00eamio da Bola de Ouro; estafe de atacante do Real Madrid v\u00ea rival como favorito"},"content":{"rendered":"<p> <script async src=\"https:\/\/pagead2.googlesyndication.com\/pagead\/js\/adsbygoogle.js?client=ca-pub-8864793242727901\"\r\n     crossorigin=\"anonymous\"><\/script><br \/>\n<\/p>\n<div id=\"taboola-read-more\" style=\"display:block; width:100%\">\n<p>Segundo apurou a ESPN, o atacante Vinicius Jr., do Real Madrid, n\u00e3o viajar\u00e1 a Paris para o pr\u00eamio Bola de Ouro da revista France Football, que acontecer\u00e1 nesta segunda-feira (28), \u00e0s 16h (de Bras\u00edlia).\n<\/p>\n<p>De acordo com fontes ouvidas pela reportagem, o entorno do brasileiro n\u00e3o acredita em vit\u00f3ria do atleta no evento de gala, apesar do favoritismo pr\u00e9vio.<\/p>\n<p>O entendimento \u00e9 que o trof\u00e9u ser\u00e1 entregue ao meio-campista Rodri, do Manchester City.\n<\/p>\n<p>Na \u00faltima temporada, o volante ganhou a Premier League, o Mundial de Clubes e a Supercopa da Uefa com os Citizens, al\u00e9m da Eurocopa com a sele\u00e7\u00e3o da Espanha.\n<\/p>\n<p>A ESPN ainda apurou que toda a delega\u00e7\u00e3o do Real Madrid n\u00e3o ir\u00e1 comparecer ao Th\u00e9\u00e2tre du Ch\u00e2telet nesta segunda. Ou seja: nem mesmo o presidente Florentino P\u00e9rez estar\u00e1 no evento.\n<\/p>\n<p>Se Rodri de fato ganhar, o longo jejum do Brasil na Bola de Ouro seguir\u00e1.\n<\/p>\n<p>O \u00faltimo jogador do pa\u00eds a ganhar o pr\u00eamio da France Football foi o meia Kak\u00e1, ent\u00e3o jogador do Milan, em 2007.\n<\/p>\n<p>Vale lembrar que o atual vencedor do trof\u00e9u dado pela revista francesa \u00e9 o atacante Lionel Messi.\n<\/p>\n<p>No entanto, o astro do Inter Miami e da sele\u00e7\u00e3o da Argentina n\u00e3o est\u00e1 entre os indicados na atual edi\u00e7\u00e3o.<\/p>\n<p>Fonte: ESPN              <\/p>\n<\/div>\n<p><br \/>\n<br \/><a href=\"https:\/\/diariodobrasilnoticias.com.br\/noticia\/bomba-vinicius-jr-nao-viaja-para-premio-da-bola-de-ouro-estafe-de-atacante-do-real-madrid-ve-rival-como-favorito-671fa3c7b9bfe\">Source link <\/a><\/p>","protected":false},"excerpt":{"rendered":"<p>Segundo apurou a ESPN, o atacante Vinicius Jr., do Real Madrid, n\u00e3o viajar\u00e1 a Paris para o pr\u00eamio Bola de Ouro da revista France Football, que acontecer\u00e1 nesta segunda-feira (28),&hellip;<\/p>","protected":false},"author":1,"featured_media":52716,"comment_status":"closed","ping_status":"open","sticky":false,"template":"","format":"standard","meta":{"content-type":"","footnotes":""},"categories":[16],"tags":[123,2448,5313,1267],"class_list":["post-52715","post","type-post","status-publish","format-standard","has-post-thumbnail","hentry","category-noticias","tag-brasil","tag-diario","tag-noticia","tag-noticias"],"_links":{"self":[{"href":"https:\/\/tvbrazilusa.com\/pt\/wp-json\/wp\/v2\/posts\/52715","targetHints":{"allow":["GET"]}}],"collection":[{"href":"https:\/\/tvbrazilusa.com\/pt\/wp-json\/wp\/v2\/posts"}],"about":[{"href":"https:\/\/tvbrazilusa.com\/pt\/wp-json\/wp\/v2\/types\/post"}],"author":[{"embeddable":true,"href":"https:\/\/tvbrazilusa.com\/pt\/wp-json\/wp\/v2\/users\/1"}],"replies":[{"embeddable":true,"href":"https:\/\/tvbrazilusa.com\/pt\/wp-json\/wp\/v2\/comments?post=52715"}],"version-history":[{"count":1,"href":"https:\/\/tvbrazilusa.com\/pt\/wp-json\/wp\/v2\/posts\/52715\/revisions"}],"predecessor-version":[{"id":52717,"href":"https:\/\/tvbrazilusa.com\/pt\/wp-json\/wp\/v2\/posts\/52715\/revisions\/52717"}],"wp:featuredmedia":[{"embeddable":true,"href":"https:\/\/tvbrazilusa.com\/pt\/wp-json\/wp\/v2\/media\/52716"}],"wp:attachment":[{"href":"https:\/\/tvbrazilusa.com\/pt\/wp-json\/wp\/v2\/media?parent=52715"}],"wp:term":[{"taxonomy":"category","embeddable":true,"href":"https:\/\/tvbrazilusa.com\/pt\/wp-json\/wp\/v2\/categories?post=52715"},{"taxonomy":"post_tag","embeddable":true,"href":"https:\/\/tvbrazilusa.com\/pt\/wp-json\/wp\/v2\/tags?post=52715"}],"curies":[{"name":"wp","href":"https:\/\/api.w.org\/{rel}","templated":true}]}}