{"id":52721,"date":"2024-10-28T18:03:25","date_gmt":"2024-10-28T18:03:25","guid":{"rendered":"https:\/\/tvbrazilusa.com\/2024\/10\/28\/vw-vai-fechar-3-fabricas-e-demitir-dezenas-de-milhares\/"},"modified":"2024-10-28T18:03:26","modified_gmt":"2024-10-28T18:03:26","slug":"vw-vai-fechar-3-fabricas-e-demitir-dezenas-de-milhares","status":"publish","type":"post","link":"https:\/\/tvbrazilusa.com\/pt\/2024\/10\/28\/vw-vai-fechar-3-fabricas-e-demitir-dezenas-de-milhares\/","title":{"rendered":"VW vai fechar 3 f\u00e1bricas e demitir &#8216;dezenas de milhares&#8217;"},"content":{"rendered":"<p> <script async src=\"https:\/\/pagead2.googlesyndication.com\/pagead\/js\/adsbygoogle.js?client=ca-pub-8864793242727901\"\r\n     crossorigin=\"anonymous\"><\/script><br \/>\n<\/p>\n<div id=\"taboola-read-more\" style=\"display:block; width:100%\">\n<p>A Volkswagen planeja fechar ao menos tr\u00eas f\u00e1bricas na Alemanha, reduzir opera\u00e7\u00f5es nas demais unidades e demitir \u201cdezenas de milhares\u201d de funcion\u00e1rios, segundo o sindicato industrial alem\u00e3o IG Metall.\n<\/p>\n<p>O chefe do conselho de trabalhadores da Volkswagen fez um discurso na principal f\u00e1brica da empresa, em Wolfsburg, na manh\u00e3 desta segunda-feira, 28, e disse que os planos incluem reduzir sal\u00e1rios em 10% e congelar reajustes salariais nos dois pr\u00f3ximos anos, de acordo com o sindicato.<\/p>\n<p>+ Leia mais not\u00edcias de Mundo em Oeste\n<\/p>\n<p>A montadora alem\u00e3 recentemente cortou suas previs\u00f5es de vendas e rentabilidade para o ano, diante da intensa concorr\u00eancia da China e de elevados custos de produ\u00e7\u00e3o no mercado dom\u00e9stico.\n<\/p>\n<p>Volkswagen diz que \u201csitua\u00e7\u00e3o \u00e9 grave\u201d na Alemanha\n<\/p>\n<p>A Volkswagen j\u00e1 havia adiantado que estava considerando o fechamento de f\u00e1bricas, como parte de uma estrat\u00e9gia de redu\u00e7\u00e3o de custos e reestrutura\u00e7\u00e3o que visa manter sua competitividade.\n<\/p>\n<p>A empresa recusou-se a comentar nesta segunda rumores sobre negocia\u00e7\u00f5es confidenciais com o sindicato IG Metall e o conselho de trabalhadores, mas disse que se encontra em um momento decisivo de sua hist\u00f3ria corporativa. \u201cA situa\u00e7\u00e3o \u00e9 grave e a responsabilidade dos parceiros de negocia\u00e7\u00e3o \u00e9 enorme\u201d, afirmou a Volkswagen, em comunicado.\n<\/p>\n<p>No in\u00edcio da manh\u00e3, por volta de 9h (de Bras\u00edlia), as a\u00e7\u00f5es da Volkswagen ca\u00edam 1,2% na Bolsa de Frankfurt.<\/p>\n<p>Fonte: Revista Oeste\u00a0\n<\/p>\n<div id=\"hd80s9wa1h892edh8192\" class=\"entry-content break-word select-none\">\n<p><em>com informa\u00e7\u00f5es da\u00a0<\/em>Ag\u00eancia Estado\n<\/p>\n<\/div>\n<p>\u00a0<\/p>\n<\/p><\/div>\n<p><br \/>\n<br \/><a href=\"https:\/\/diariodobrasilnoticias.com.br\/noticia\/vw-vai-fechar-3-fabricas-e-demitir-dezenas-de-milhares-671fa6c9e5ee6\">Source link <\/a><\/p>","protected":false},"excerpt":{"rendered":"<p>A Volkswagen planeja fechar ao menos tr\u00eas f\u00e1bricas na Alemanha, reduzir opera\u00e7\u00f5es nas demais unidades e demitir \u201cdezenas de milhares\u201d de funcion\u00e1rios, segundo o sindicato industrial alem\u00e3o IG Metall. O&hellip;<\/p>","protected":false},"author":1,"featured_media":52722,"comment_status":"closed","ping_status":"open","sticky":false,"template":"","format":"standard","meta":{"content-type":"","footnotes":""},"categories":[16],"tags":[123,2448,5313,1267],"class_list":["post-52721","post","type-post","status-publish","format-standard","has-post-thumbnail","hentry","category-noticias","tag-brasil","tag-diario","tag-noticia","tag-noticias"],"_links":{"self":[{"href":"https:\/\/tvbrazilusa.com\/pt\/wp-json\/wp\/v2\/posts\/52721","targetHints":{"allow":["GET"]}}],"collection":[{"href":"https:\/\/tvbrazilusa.com\/pt\/wp-json\/wp\/v2\/posts"}],"about":[{"href":"https:\/\/tvbrazilusa.com\/pt\/wp-json\/wp\/v2\/types\/post"}],"author":[{"embeddable":true,"href":"https:\/\/tvbrazilusa.com\/pt\/wp-json\/wp\/v2\/users\/1"}],"replies":[{"embeddable":true,"href":"https:\/\/tvbrazilusa.com\/pt\/wp-json\/wp\/v2\/comments?post=52721"}],"version-history":[{"count":1,"href":"https:\/\/tvbrazilusa.com\/pt\/wp-json\/wp\/v2\/posts\/52721\/revisions"}],"predecessor-version":[{"id":52723,"href":"https:\/\/tvbrazilusa.com\/pt\/wp-json\/wp\/v2\/posts\/52721\/revisions\/52723"}],"wp:featuredmedia":[{"embeddable":true,"href":"https:\/\/tvbrazilusa.com\/pt\/wp-json\/wp\/v2\/media\/52722"}],"wp:attachment":[{"href":"https:\/\/tvbrazilusa.com\/pt\/wp-json\/wp\/v2\/media?parent=52721"}],"wp:term":[{"taxonomy":"category","embeddable":true,"href":"https:\/\/tvbrazilusa.com\/pt\/wp-json\/wp\/v2\/categories?post=52721"},{"taxonomy":"post_tag","embeddable":true,"href":"https:\/\/tvbrazilusa.com\/pt\/wp-json\/wp\/v2\/tags?post=52721"}],"curies":[{"name":"wp","href":"https:\/\/api.w.org\/{rel}","templated":true}]}}