{"id":52774,"date":"2024-10-28T21:05:19","date_gmt":"2024-10-28T21:05:19","guid":{"rendered":"https:\/\/tvbrazilusa.com\/2024\/10\/28\/anistia-a-bolsonaro-e-apoio-no-congresso-esta-em-discussao-veja-video\/"},"modified":"2024-10-28T21:05:22","modified_gmt":"2024-10-28T21:05:22","slug":"anistia-a-bolsonaro-e-apoio-no-congresso-esta-em-discussao-veja-video","status":"publish","type":"post","link":"https:\/\/tvbrazilusa.com\/pt\/2024\/10\/28\/anistia-a-bolsonaro-e-apoio-no-congresso-esta-em-discussao-veja-video\/","title":{"rendered":"Anistia a Bolsonaro e apoio no congresso est\u00e1 em discuss\u00e3o; VEJA V\u00cdDEO"},"content":{"rendered":"<p> <script async src=\"https:\/\/pagead2.googlesyndication.com\/pagead\/js\/adsbygoogle.js?client=ca-pub-8864793242727901\"\r\n     crossorigin=\"anonymous\"><\/script><br \/>\n<\/p>\n<div id=\"taboola-read-more\" style=\"display:block; width:100%\">\n<p>Valdemar condiciona apoio ao candidato de Arthur Lira ao projeto de anistia a Bolsonaro e aos envolvidos nos atos de 8 de janeiro.\n<\/p>\n<p><span class=\"r-36ujnk\">&#8216;Entendo que n\u00e3o d\u00e1 para incluir o Bolsonaro agora. \u00c9 s\u00f3 para os golpistas, e o processo dele ainda nem foi julgado. Depois, \u00e9 nossa inten\u00e7\u00e3o. Vamos estudar uma maneira de fazer.&#8217;<\/span><\/p>\n<p><strong><span class=\"r-36ujnk\">VEJA V\u00cdDEO:<\/span><\/strong>\n<\/p>\n<p><span class=\"r-36ujnk\">Fonte: @voxliberdade \/ X<\/span>              <\/p>\n<\/div>\n<p><br \/>\n<br \/><a href=\"https:\/\/diariodobrasilnoticias.com.br\/noticia\/anistia-a-bolsonaro-e-apoio-no-congresso-esta-em-discussao-veja-video-671fdcb905a81\">Source link <\/a><\/p>","protected":false},"excerpt":{"rendered":"<p>Valdemar condiciona apoio ao candidato de Arthur Lira ao projeto de anistia a Bolsonaro e aos envolvidos nos atos de 8 de janeiro. &#8216;Entendo que n\u00e3o d\u00e1 para incluir o&hellip;<\/p>","protected":false},"author":1,"featured_media":52775,"comment_status":"closed","ping_status":"open","sticky":false,"template":"","format":"standard","meta":{"content-type":"","footnotes":""},"categories":[16],"tags":[123,2448,5313,1267],"class_list":["post-52774","post","type-post","status-publish","format-standard","has-post-thumbnail","hentry","category-noticias","tag-brasil","tag-diario","tag-noticia","tag-noticias"],"_links":{"self":[{"href":"https:\/\/tvbrazilusa.com\/pt\/wp-json\/wp\/v2\/posts\/52774","targetHints":{"allow":["GET"]}}],"collection":[{"href":"https:\/\/tvbrazilusa.com\/pt\/wp-json\/wp\/v2\/posts"}],"about":[{"href":"https:\/\/tvbrazilusa.com\/pt\/wp-json\/wp\/v2\/types\/post"}],"author":[{"embeddable":true,"href":"https:\/\/tvbrazilusa.com\/pt\/wp-json\/wp\/v2\/users\/1"}],"replies":[{"embeddable":true,"href":"https:\/\/tvbrazilusa.com\/pt\/wp-json\/wp\/v2\/comments?post=52774"}],"version-history":[{"count":1,"href":"https:\/\/tvbrazilusa.com\/pt\/wp-json\/wp\/v2\/posts\/52774\/revisions"}],"predecessor-version":[{"id":52776,"href":"https:\/\/tvbrazilusa.com\/pt\/wp-json\/wp\/v2\/posts\/52774\/revisions\/52776"}],"wp:featuredmedia":[{"embeddable":true,"href":"https:\/\/tvbrazilusa.com\/pt\/wp-json\/wp\/v2\/media\/52775"}],"wp:attachment":[{"href":"https:\/\/tvbrazilusa.com\/pt\/wp-json\/wp\/v2\/media?parent=52774"}],"wp:term":[{"taxonomy":"category","embeddable":true,"href":"https:\/\/tvbrazilusa.com\/pt\/wp-json\/wp\/v2\/categories?post=52774"},{"taxonomy":"post_tag","embeddable":true,"href":"https:\/\/tvbrazilusa.com\/pt\/wp-json\/wp\/v2\/tags?post=52774"}],"curies":[{"name":"wp","href":"https:\/\/api.w.org\/{rel}","templated":true}]}}