{"id":52786,"date":"2024-10-28T22:02:42","date_gmt":"2024-10-28T22:02:42","guid":{"rendered":"https:\/\/tvbrazilusa.com\/2024\/10\/28\/eleicoes-presidenciais-nos-eua-biden-realiza-seu-voto-antecipado\/"},"modified":"2024-10-28T22:02:44","modified_gmt":"2024-10-28T22:02:44","slug":"eleicoes-presidenciais-nos-eua-biden-realiza-seu-voto-antecipado","status":"publish","type":"post","link":"https:\/\/tvbrazilusa.com\/pt\/2024\/10\/28\/eleicoes-presidenciais-nos-eua-biden-realiza-seu-voto-antecipado\/","title":{"rendered":"Elei\u00e7\u00f5es presidenciais nos EUA: Biden realiza seu voto antecipado"},"content":{"rendered":"<p> <script async src=\"https:\/\/pagead2.googlesyndication.com\/pagead\/js\/adsbygoogle.js?client=ca-pub-8864793242727901\"\r\n     crossorigin=\"anonymous\"><\/script><br \/>\n<\/p>\n<div>\n<figure class=\"post-image\">\n<\/figure>\n<p>            <span style=\"font-size: 12px\">Foto: EFE\/EPA\/JIM LO SCALZO \/ POOL<\/span><\/p>\n<p>            <!-- end metas --><br \/>\n            <!-- ADS --><\/p>\n<div id=\"taboola-read-more\" style=\"display:block; width:100%\">\n<p>Nesta segunda-feira (28), o presidente dos Estados Unidos, Joe Biden, votou antecipadamente na elei\u00e7\u00e3o presidencial, que acontece no dia 5 de novembro. O democrata esteve em seu estado natal, Delaware, onde compareceu a uma se\u00e7\u00e3o.\n<\/p>\n<p>Ele ficou em uma fila e chegou a conversar com alguns eleitores. Uma imagem registrada pela ag\u00eancia Reuters mostra Biden ajudando uma idosa que estava em uma cadeira de rodas.<\/p>\n<p>No pa\u00eds, \u00e9 poss\u00edvel votar antecipadamente e pelo correio. At\u00e9 o domingo (27), pelo menos 41,9 milh\u00f5es de americanos j\u00e1 tinham votado antecipadamente.\n<\/p>\n<blockquote class=\"twitter-tweet\" data-media-max-width=\"560\">\n<p dir=\"ltr\" lang=\"en\">President Biden in line to vote early in Delaware. <a href=\"https:\/\/t.co\/gyt6Zi8UFQ\">pic.twitter.com\/gyt6Zi8UFQ<\/a><br \/>\n\u2014 CSPAN (@cspan) <a href=\"https:\/\/twitter.com\/cspan\/status\/1850934363770274293?ref_src=twsrc%5Etfw\">October 28, 2024<\/a><\/p>\n<\/blockquote>\n<\/div>\n<p>\u00a0<\/p>\n<p>Fonte: Pleno News<\/p>\n<\/p><\/div>\n<p><script async src=\"\/\/platform.twitter.com\/widgets.js\" charset=\"utf-8\"><\/script><br \/>\n<br \/><br \/>\n<br \/><a href=\"https:\/\/diariodobrasilnoticias.com.br\/noticia\/eleicoes-presidenciais-nos-eua-biden-realiza-seu-voto-antecipado-671febb9036c8\">Source link <\/a><\/p>","protected":false},"excerpt":{"rendered":"<p>Foto: EFE\/EPA\/JIM LO SCALZO \/ POOL Nesta segunda-feira (28), o presidente dos Estados Unidos, Joe Biden, votou antecipadamente na elei\u00e7\u00e3o presidencial, que acontece no dia 5 de novembro. O democrata&hellip;<\/p>","protected":false},"author":1,"featured_media":52787,"comment_status":"closed","ping_status":"open","sticky":false,"template":"","format":"standard","meta":{"content-type":"","footnotes":""},"categories":[16],"tags":[123,2448,5313,1267],"class_list":["post-52786","post","type-post","status-publish","format-standard","has-post-thumbnail","hentry","category-noticias","tag-brasil","tag-diario","tag-noticia","tag-noticias"],"_links":{"self":[{"href":"https:\/\/tvbrazilusa.com\/pt\/wp-json\/wp\/v2\/posts\/52786","targetHints":{"allow":["GET"]}}],"collection":[{"href":"https:\/\/tvbrazilusa.com\/pt\/wp-json\/wp\/v2\/posts"}],"about":[{"href":"https:\/\/tvbrazilusa.com\/pt\/wp-json\/wp\/v2\/types\/post"}],"author":[{"embeddable":true,"href":"https:\/\/tvbrazilusa.com\/pt\/wp-json\/wp\/v2\/users\/1"}],"replies":[{"embeddable":true,"href":"https:\/\/tvbrazilusa.com\/pt\/wp-json\/wp\/v2\/comments?post=52786"}],"version-history":[{"count":1,"href":"https:\/\/tvbrazilusa.com\/pt\/wp-json\/wp\/v2\/posts\/52786\/revisions"}],"predecessor-version":[{"id":52788,"href":"https:\/\/tvbrazilusa.com\/pt\/wp-json\/wp\/v2\/posts\/52786\/revisions\/52788"}],"wp:featuredmedia":[{"embeddable":true,"href":"https:\/\/tvbrazilusa.com\/pt\/wp-json\/wp\/v2\/media\/52787"}],"wp:attachment":[{"href":"https:\/\/tvbrazilusa.com\/pt\/wp-json\/wp\/v2\/media?parent=52786"}],"wp:term":[{"taxonomy":"category","embeddable":true,"href":"https:\/\/tvbrazilusa.com\/pt\/wp-json\/wp\/v2\/categories?post=52786"},{"taxonomy":"post_tag","embeddable":true,"href":"https:\/\/tvbrazilusa.com\/pt\/wp-json\/wp\/v2\/tags?post=52786"}],"curies":[{"name":"wp","href":"https:\/\/api.w.org\/{rel}","templated":true}]}}