{"id":52815,"date":"2024-10-29T00:01:49","date_gmt":"2024-10-29T00:01:49","guid":{"rendered":"https:\/\/tvbrazilusa.com\/2024\/10\/29\/nao-imaginava-que-era-um-bebe-diz-jovem-que-procurou-upa-com-dores-e-descobriu-gravidez-durante-o-parto\/"},"modified":"2024-10-29T00:01:51","modified_gmt":"2024-10-29T00:01:51","slug":"nao-imaginava-que-era-um-bebe-diz-jovem-que-procurou-upa-com-dores-e-descobriu-gravidez-durante-o-parto","status":"publish","type":"post","link":"https:\/\/tvbrazilusa.com\/pt\/2024\/10\/29\/nao-imaginava-que-era-um-bebe-diz-jovem-que-procurou-upa-com-dores-e-descobriu-gravidez-durante-o-parto\/","title":{"rendered":"&#8216;N\u00e3o imaginava que era um beb\u00ea&#8217;, diz jovem que procurou UPA com dores e descobriu gravidez durante o parto"},"content":{"rendered":"<p> <script async src=\"https:\/\/pagead2.googlesyndication.com\/pagead\/js\/adsbygoogle.js?client=ca-pub-8864793242727901\"\r\n     crossorigin=\"anonymous\"><\/script><br \/>\n<\/p>\n<div>\n<figure class=\"post-image\">\n<\/figure>\n<p>            <span style=\"font-size: 12px\">Foto: Cedida<\/span><\/p>\n<p>            <!-- end metas --><br \/>\n            <!-- ADS --><\/p>\n<div id=\"taboola-read-more\" style=\"display:block; width:100%\">\n<p>A atendente de telemarketing Milda Allany Pinheiro, de 21 anos, chegou \u00e0 Unidade de Pronto-Atendimento (UPA) do bairro Alto de S\u00e3o Manoel, em Mossor\u00f3 reclamando de dores e saiu de l\u00e1 com uma beb\u00ea no colo, neste domingo (27). O fato inusitado \u00e9 que ela n\u00e3o sabia que estava gr\u00e1vida.\n<\/p>\n<p>&#8220;Eu nunca imaginava que era um beb\u00ea&#8221;, disse na manh\u00e3 desta segunda-feira (28) com a pequena Aurora, como foi batizada a crian\u00e7a, nos bra\u00e7os.<\/p>\n<p>Segundo o m\u00e9dico plantonista que atendeu a mulher, Marcelo Duarte, a paciente n\u00e3o mencionou gravidez no momento em que deu entrada na unidade, &#8220;nem apresentava barriga pra gente pensar nisso&#8221;, disse.\n<\/p>\n<p>A jovem contou \u00e0 reportagem que estava sentindo uma dor nas costas e ao urinar e, por isso, procurou a unidade de sa\u00fade. O m\u00e9dico suspeitou de infec\u00e7\u00e3o urin\u00e1ria.\n<\/p>\n<p>Ao chegar ao banheiro para coletar urina para um exame, ela sentiu muitas dores e gritou. Ao entrar no local para acudir a paciente, a t\u00e9cnica de enfermagem Ana Brasil j\u00e1 viu a cabe\u00e7a da crian\u00e7a saindo.\n<\/p>\n<p>&#8220;Foi uma loucura&#8221;, resumiu Milda. &#8220;Olha aqui a infec\u00e7\u00e3o&#8221;, brincou, apontando para a beb\u00ea.\n<\/p>\n<div id=\"chunk-7lipg\">\n<div class=\"mc-column content-text active-extra-styles\" data-block-type=\"unstyled\" data-block-weight=\"19\" data-block-id=\"12\">\n<p class=\"content-text__container\" data-track-category=\"Link no Texto\" data-track-links=\"\" data-mrf-recirculation=\"Artigo - Links Texto\">Milda disse que n\u00e3o percebeu sinais de gravidez e estava menstruando normalmente. Aurora \u00e9 a primeira filha dela.\n<\/p>\n<\/div>\n<\/div>\n<div id=\"chunk-5okis\">\n<div class=\"mc-column content-text active-extra-styles\" data-block-type=\"unstyled\" data-block-weight=\"21\" data-block-id=\"14\">\n<p class=\"content-text__container\" data-track-category=\"Link no Texto\" data-track-links=\"\" data-mrf-recirculation=\"Artigo - Links Texto\">Apesar da surpresa, ela diz que est\u00e1 feliz. Perguntada sobre o que deseja para sua filha, respondeu: &#8220;Que continue trazendo felicidade&#8221;.\n<\/p>\n<\/div>\n<\/div>\n<div id=\"chunk-aqjq8\">\n<div class=\"mc-column content-text active-extra-styles\" data-block-type=\"unstyled\" data-block-weight=\"50\" data-block-id=\"15\">\n<p class=\"content-text__container\" data-track-category=\"Link no Texto\" data-track-links=\"\" data-mrf-recirculation=\"Artigo - Links Texto\">A beb\u00ea nasceu saud\u00e1vel, com 3,08 kg e medindo 46 cm. Ap\u00f3s o nascimento na UPA, m\u00e3e e filha foram transferidas para a Maternidade Almeida Castro e passam bem. Segundo a equipe, a m\u00e9dica que atendeu a beb\u00ea estimou que ela j\u00e1 tivesse mais de 41 semanas de gesta\u00e7\u00e3o.\n<\/p>\n<\/div>\n<\/div>\n<div id=\"chunk-db99n\">\n<div class=\"mc-column content-text active-extra-styles\" data-block-type=\"unstyled\" data-block-weight=\"10\" data-block-id=\"16\">\n<p class=\"content-text__container\" data-track-category=\"Link no Texto\" data-track-links=\"\" data-mrf-recirculation=\"Artigo - Links Texto\">Como n\u00e3o era esperada, a beb\u00ea n\u00e3o tem enxoval.\n<\/p>\n<\/div>\n<\/div>\n<p>Fonte: G1              <\/p>\n<\/div>\n<p>                        <!-- Scripts para conteudo --><\/p>\n<p>            <!-- .\/Scripts para conteudo --><br \/>\n            <!-- .\/Mat\u00e9ria --><\/p>\n<div class=\"row mt-3\">\n<div class=\"col-sm-6\">\n                <!-- Whatsapp channel 3--><br \/>\n                <a href=\"https:\/\/chat.whatsapp.com\/J6hwSKYns5B0XFowx2wZ0P\" target=\"_blank\" rel=\"noopener\"><br \/>\n                  <img decoding=\"async\" src=\"https:\/\/diariodobrasilnoticias.com.br\/assets-site\/images\/bot_whatsapp.png\"\/><\/a>\n              <\/div>\n<div class=\"col-sm-6\">\n                <a href=\"https:\/\/t.me\/+_4gTmi5LKo03OTM5\" target=\"_blank\" rel=\"noopener\"><br \/>\n                  <img decoding=\"async\" src=\"https:\/\/diariodobrasilnoticias.com.br\/assets-site\/images\/bot_telegram.png\"\/><\/a>\n              <\/div>\n<\/p><\/div>\n<p>            <!-- end post-navigation --><\/p>\n<p>              <!-- end row --><\/p>\n<p>              <!-- end col-12-->\n                      <\/div>\n<p><br \/>\n<br \/><a href=\"https:\/\/diariodobrasilnoticias.com.br\/noticia\/-nao-imaginava-que-era-um-bebe-diz-jovem-que-procurou-upa-com-dores-e-descobriu-gravidez-durante-o-parto-671ffb66914c5\">Source link <\/a><\/p>","protected":false},"excerpt":{"rendered":"<p>Foto: Cedida A atendente de telemarketing Milda Allany Pinheiro, de 21 anos, chegou \u00e0 Unidade de Pronto-Atendimento (UPA) do bairro Alto de S\u00e3o Manoel, em Mossor\u00f3 reclamando de dores e&hellip;<\/p>","protected":false},"author":1,"featured_media":52816,"comment_status":"closed","ping_status":"open","sticky":false,"template":"","format":"standard","meta":{"content-type":"","footnotes":""},"categories":[16],"tags":[123,2448,5313,1267],"class_list":["post-52815","post","type-post","status-publish","format-standard","has-post-thumbnail","hentry","category-noticias","tag-brasil","tag-diario","tag-noticia","tag-noticias"],"_links":{"self":[{"href":"https:\/\/tvbrazilusa.com\/pt\/wp-json\/wp\/v2\/posts\/52815","targetHints":{"allow":["GET"]}}],"collection":[{"href":"https:\/\/tvbrazilusa.com\/pt\/wp-json\/wp\/v2\/posts"}],"about":[{"href":"https:\/\/tvbrazilusa.com\/pt\/wp-json\/wp\/v2\/types\/post"}],"author":[{"embeddable":true,"href":"https:\/\/tvbrazilusa.com\/pt\/wp-json\/wp\/v2\/users\/1"}],"replies":[{"embeddable":true,"href":"https:\/\/tvbrazilusa.com\/pt\/wp-json\/wp\/v2\/comments?post=52815"}],"version-history":[{"count":1,"href":"https:\/\/tvbrazilusa.com\/pt\/wp-json\/wp\/v2\/posts\/52815\/revisions"}],"predecessor-version":[{"id":52817,"href":"https:\/\/tvbrazilusa.com\/pt\/wp-json\/wp\/v2\/posts\/52815\/revisions\/52817"}],"wp:featuredmedia":[{"embeddable":true,"href":"https:\/\/tvbrazilusa.com\/pt\/wp-json\/wp\/v2\/media\/52816"}],"wp:attachment":[{"href":"https:\/\/tvbrazilusa.com\/pt\/wp-json\/wp\/v2\/media?parent=52815"}],"wp:term":[{"taxonomy":"category","embeddable":true,"href":"https:\/\/tvbrazilusa.com\/pt\/wp-json\/wp\/v2\/categories?post=52815"},{"taxonomy":"post_tag","embeddable":true,"href":"https:\/\/tvbrazilusa.com\/pt\/wp-json\/wp\/v2\/tags?post=52815"}],"curies":[{"name":"wp","href":"https:\/\/api.w.org\/{rel}","templated":true}]}}