{"id":52860,"date":"2024-10-29T01:21:13","date_gmt":"2024-10-29T01:21:13","guid":{"rendered":"https:\/\/tvbrazilusa.com\/2024\/10\/29\/reeleito-nunes-fulmina-enel-e-fala-sobre-cargos-do-1o-escalao-paulo-figueiredo\/"},"modified":"2024-10-29T02:18:31","modified_gmt":"2024-10-29T02:18:31","slug":"reeleito-nunes-fulmina-enel-e-fala-sobre-cargos-do-1o-escalao-paulo-figueiredo","status":"publish","type":"post","link":"https:\/\/tvbrazilusa.com\/pt\/2024\/10\/29\/reeleito-nunes-fulmina-enel-e-fala-sobre-cargos-do-1o-escalao-paulo-figueiredo\/","title":{"rendered":"Reeleito, Nunes fulmina Enel e fala sobre cargos do 1\u00ba escal\u00e3o &#8211; Paulo Figueiredo"},"content":{"rendered":"<p> <script async src=\"https:\/\/pagead2.googlesyndication.com\/pagead\/js\/adsbygoogle.js?client=ca-pub-8864793242727901\"\r\n     crossorigin=\"anonymous\"><\/script><br \/>\n<\/p>\n<div id=\"wtr-content\" data-bg=\"#FFFFFF\" data-fg=\"#006d91\" data-width=\"25\" data-mute=\"1\" data-fgopacity=\"1.00\" data-mutedopacity=\"0.5\" data-placement=\"bottom\" data-placement-offset=\"0\" data-content-offset=\"262\" data-placement-touch=\"bottom\" data-placement-offset-touch=\"0\" data-transparent=\"\" data-shadow=\"0\" data-touch=\"1\" data-non-touch=\"1\" data-comments=\"0\" data-commentsbg=\"transparent\" data-location=\"page\" data-mutedfg=\"#006d91\" data-endfg=\"#006d91\" data-rtl=\"\">\n<h3 class=\"wp-block-heading\">Prefeito de S\u00e3o Paulo deu entrevista ao canal CNN na manh\u00e3 desta segunda-feira, 28<\/h3>\n<p>Em entrevista ao canal CNN, realizada na manh\u00e3 desta segunda-feira, 28, o prefeito reeleito de S\u00e3o Paulo,\u00a0<strong>Ricardo Nunes (MDB)<\/strong>, falou um pouco das pr\u00f3ximas etapas de sua gest\u00e3o.<\/p>\n<p>De acordo com o emedebista, o eleitor fez uma escolha ao rejeitar um candidato que defende a libera\u00e7\u00e3o de drogas e condena a militariza\u00e7\u00e3o, referindo-se ao seu advers\u00e1rio no segundo turno, Guilherme Boulos (Psol).<\/p>\n<p>Nunes afirmou que a gest\u00e3o municipal vai permanecer trabalhando com o\u00a0<strong>governo estadual<\/strong>, liderado por Tarc\u00edsio de Freitas (Republicanos), para realizar melhorias na seguran\u00e7a p\u00fablica.<\/p>\n<p>Em rela\u00e7\u00e3o \u00e0\u00a0<strong>Enel<\/strong>, o prefeito tamb\u00e9m disse que, com a reelei\u00e7\u00e3o, h\u00e1 uma abertura maior para atuar com o governo Tarc\u00edsio para \u201cretirar\u201d a concession\u00e1ria de energia de S\u00e3o Paulo.<\/p>\n<blockquote class=\"wp-block-quote is-layout-flow wp-block-quote-is-layout-flow\">\n<p>\u201cMas, para isso, o governo federal tamb\u00e9m tem que tomar posi\u00e7\u00e3o\u201d, disse Nunes. \u201c\u00c9 necess\u00e1rio ter honestidade e seriedade com a popula\u00e7\u00e3o [\u2026] O contrato, a regula\u00e7\u00e3o e a fiscaliza\u00e7\u00e3o s\u00e3o responsabilidades do governo federal. Se fosse municipal, eu j\u00e1 teria tirado a Enel daqui [cidade de S\u00e3o Paulo]\u201d.<\/p>\n<\/blockquote>\n<p>Nunes ainda citou uma das cl\u00e1usulas do contrato de presta\u00e7\u00e3o de servi\u00e7os da Enel, em que \u00e9 estabelecido que o presidente da Rep\u00fablica pode realizar uma interven\u00e7\u00e3o por decreto. \u201cIsso dura minutos\u201d, disse. \u201cBasta ele [Lula] querer e sentir a dor da popula\u00e7\u00e3o de S\u00e3o Paulo.\u201d<\/p>\n<p>Quando interpelado por jornalistas sobre \u201capadrinhamento\u201d, o prefeito disse que n\u00e3o tem padrinhos, e sim aliados. Ele tamb\u00e9m afirmou que, por enquanto, n\u00e3o cogita a cria\u00e7\u00e3o de novas secretarias.<\/p>\n<h3 class=\"wp-block-heading\">\u2018Equil\u00edbrio venceu extremismos\u2019, diz Nunes, ao se reeleger prefeito de S\u00e3o Paulo<\/h3>\n<p>Ricardo Nunes (MDB) comemorou sua vit\u00f3ria ao lado de aliados e apoiadores, na noite deste domingo, 27.\u00a0<strong>O pol\u00edtico se reelegeu prefeito de S\u00e3o Paulo e disse, em discurso, que o resultado do pleito contra Guilherme Boulos (Psol) significou que \u201co equil\u00edbrio venceu extremismos\u201d e que \u201ca periferia venceu\u201d.<\/strong><\/p>\n<p>\u201cA quem acompanhou essa elei\u00e7\u00e3o hist\u00f3rica, a democracia deixou uma li\u00e7\u00e3o hist\u00f3rica\u201d, declarou Nunes. \u201cO equil\u00edbrio venceu todos e a todos os extremismos. S\u00e3o Paulo falou, e sua voz precisa ser ouvida.\u201d<\/p>\n<p>O emedebista ainda argumentou que \u201cquem n\u00e3o tiver acervo de realiza\u00e7\u00f5es, algo para mostrar de concreto, ter\u00e1 cada vez mais dificuldade de ter como \u00fanico argumento a rejei\u00e7\u00e3o do advers\u00e1rio\u201d.<\/p>\n<p>O prefeito reeleito afirmou que cabe aos governantes pensarem \u201ctodos os dias\u201d sobre o que pode ser feito para \u201crealizar o sonho das pessoas\u201d. Criticou quem \u201cmuito se preocupa com engajamento nas redes sociais ou ideologias\u201d, e n\u00e3o \u201ccom o dia a dia do povo\u201d.<\/p>\n<p><strong><a href=\"https:\/\/revistaoeste.com\/politica\/reeleito-nunes-fulmina-enel-e-fala-sobre-cargos-do-1o-escalao\/\">Source link<\/a><\/strong><\/p>\n<\/div>\n<p><br \/>\n<br \/><a href=\"https:\/\/paulofigueiredoshow.com\/reeleito-nunes-fulmina-enel-e-fala-sobre-cargos-do-1o-escalao\/\">Source link <\/a><\/p>","protected":false},"excerpt":{"rendered":"<p>Prefeito de S\u00e3o Paulo deu entrevista ao canal CNN na manh\u00e3 desta segunda-feira, 28 Em entrevista ao canal CNN, realizada na manh\u00e3 desta segunda-feira, 28, o prefeito reeleito de S\u00e3o&hellip;<\/p>","protected":false},"author":1,"featured_media":38209,"comment_status":"closed","ping_status":"open","sticky":false,"template":"","format":"standard","meta":{"content-type":"","footnotes":""},"categories":[16],"tags":[],"class_list":["post-52860","post","type-post","status-publish","format-standard","has-post-thumbnail","hentry","category-noticias"],"_links":{"self":[{"href":"https:\/\/tvbrazilusa.com\/pt\/wp-json\/wp\/v2\/posts\/52860","targetHints":{"allow":["GET"]}}],"collection":[{"href":"https:\/\/tvbrazilusa.com\/pt\/wp-json\/wp\/v2\/posts"}],"about":[{"href":"https:\/\/tvbrazilusa.com\/pt\/wp-json\/wp\/v2\/types\/post"}],"author":[{"embeddable":true,"href":"https:\/\/tvbrazilusa.com\/pt\/wp-json\/wp\/v2\/users\/1"}],"replies":[{"embeddable":true,"href":"https:\/\/tvbrazilusa.com\/pt\/wp-json\/wp\/v2\/comments?post=52860"}],"version-history":[{"count":1,"href":"https:\/\/tvbrazilusa.com\/pt\/wp-json\/wp\/v2\/posts\/52860\/revisions"}],"predecessor-version":[{"id":52861,"href":"https:\/\/tvbrazilusa.com\/pt\/wp-json\/wp\/v2\/posts\/52860\/revisions\/52861"}],"wp:featuredmedia":[{"embeddable":true,"href":"https:\/\/tvbrazilusa.com\/pt\/wp-json\/wp\/v2\/media\/38209"}],"wp:attachment":[{"href":"https:\/\/tvbrazilusa.com\/pt\/wp-json\/wp\/v2\/media?parent=52860"}],"wp:term":[{"taxonomy":"category","embeddable":true,"href":"https:\/\/tvbrazilusa.com\/pt\/wp-json\/wp\/v2\/categories?post=52860"},{"taxonomy":"post_tag","embeddable":true,"href":"https:\/\/tvbrazilusa.com\/pt\/wp-json\/wp\/v2\/tags?post=52860"}],"curies":[{"name":"wp","href":"https:\/\/api.w.org\/{rel}","templated":true}]}}