{"id":52888,"date":"2024-10-29T03:46:45","date_gmt":"2024-10-29T03:46:45","guid":{"rendered":"https:\/\/tvbrazilusa.com\/2024\/10\/29\/apos-nove-dias-lula-remove-os-pontos-da-cirurgia-na-nuca\/"},"modified":"2024-10-29T03:46:46","modified_gmt":"2024-10-29T03:46:46","slug":"apos-nove-dias-lula-remove-os-pontos-da-cirurgia-na-nuca","status":"publish","type":"post","link":"https:\/\/tvbrazilusa.com\/pt\/2024\/10\/29\/apos-nove-dias-lula-remove-os-pontos-da-cirurgia-na-nuca\/","title":{"rendered":"Ap\u00f3s nove dias, Lula remove os pontos da cirurgia na nuca"},"content":{"rendered":"<p> <script async src=\"https:\/\/pagead2.googlesyndication.com\/pagead\/js\/adsbygoogle.js?client=ca-pub-8864793242727901\"\r\n     crossorigin=\"anonymous\"><\/script><br \/>\n<\/p>\n<div id=\"taboola-read-more\" style=\"display:block; width:100%\">\n<p>O presidente Luiz In\u00e1cio Lula da Silva retirou nesta segunda-feira (28) os pontos do corte que sofreu na nuca em 19 de outubro. O comboio do petista deixou o Pal\u00e1cio da Alvorada, resid\u00eancia oficial da Presid\u00eancia da Rep\u00fablica, por volta de 17h, em dire\u00e7\u00e3o a um hospital particular de Bras\u00edlia (DF), mesmo local em que o presidente foi atendido no dia do acidente. A RECORD apurou que o processo de cicatriza\u00e7\u00e3o de Lula tem sido bem-sucedido.\n<\/p>\n<p>Lula se machucou enquanto cortava as unhas do p\u00e9, em um banheiro do Alvorada. Ao se abaixar, o petista se desequilibrou e caiu de costas. Na queda, cortou a parte de tr\u00e1s da cabe\u00e7a e precisou levar cinco pontos. Desde o epis\u00f3dio, o presidente tem feito exames de imagem para monitorar a situa\u00e7\u00e3o.<\/p>\n<p>Segundo os boletins m\u00e9dicos, o estado de sa\u00fade \u00e9 est\u00e1vel. Lula vai repetir a resson\u00e2ncia magn\u00e9tica na pr\u00f3xima quinta (30). O acidente dom\u00e9stico fez com que o petista cancelasse, por recomenda\u00e7\u00e3o m\u00e9dica, tr\u00eas viagens internacionais. Desde a queda, Lula tem cumprido as agendas de trabalho no Alvorada. Ele voltou ao Planalto na sexta (25), para a cerim\u00f4nia de assinatura do acordo referente ao rompimento da barragem de Mariana (MG).\n<\/p>\n<p>No dia seguinte ao acidente, o presidente iria a Kazan, na R\u00fassia, para a 16\u00aa C\u00fapula dos Brics. Com a aus\u00eancia de Lula, a delega\u00e7\u00e3o brasileira foi representada pelo ministro das Rela\u00e7\u00f5es Exteriores, Mauro Vieira, e o petista participou do evento por videoconfer\u00eancia.\n<\/p>\n<p>Na semana passada, Lula cancelou a ida \u00e0 COP-16 (Confer\u00eancia das Na\u00e7\u00f5es Unidas sobre Biodiversidade), em Cali, na Col\u00f4mbia. Ele embarcaria para o pa\u00eds vizinho na ter\u00e7a-feira (29), mas, por recomenda\u00e7\u00e3o m\u00e9dica, n\u00e3o vai mais \u00e0 confer\u00eancia.\n<\/p>\n<p>Tamb\u00e9m na semana passada, o presidente desistiu de ir \u00e0 COP29 (Confer\u00eancia das Na\u00e7\u00f5es Unidas sobre as Mudan\u00e7as Clim\u00e1ticas), que ocorrer\u00e1 entre 11 e 22 de novembro em Baku, no Azerbaij\u00e3o. A equipe brasileira no evento ser\u00e1 chefiada pelo vice-presidente e ministro do Desenvolvimento, Ind\u00fastria, Com\u00e9rcio e Servi\u00e7os, Geraldo Alckmin.\n<\/p>\n<p>A agenda oficial tamb\u00e9m conta com uma viagem para participar da reuni\u00e3o de l\u00edderes econ\u00f4micos da Apec (Coopera\u00e7\u00e3o Econ\u00f4mica \u00c1sia-Pac\u00edfico) em novembro. O R7 apurou, no entanto, que a ida de Lula a esse evento ainda n\u00e3o est\u00e1 definida.\n<\/p>\n<p>\u2018Bobagem minha\u2019<br \/>Dois dias depois da queda, em um telefonema com um aliado, Lula declarou que o acidente foi \u201cuma bobagem\u201d. \u201cEstou bem, querido. Eu tive um acidente aqui, mas&#8230; Uma bobagem minha. Foi grave, mas n\u00e3o afetou nenhuma parte mais delicada. Eu estou cuidando, porque qualquer coisa na cabe\u00e7a \u00e9 muito forte. Ent\u00e3o, eu estou aguardando, porque os m\u00e9dicos disseram que eu tenho que esperar pelo menos uns tr\u00eas, quatro dias para eles saberem qual foi o estrago que fez a batida\u201d, afirmou.\n<\/p>\n<p>O petista iria a S\u00e3o Paulo no fim de semana, no entanto, na quinta (24), a equipe de Lula cancelou a viagem. Em solo paulista, o presidente participaria de eventos de campanha com o candidato \u00e0 Prefeitura de S\u00e3o Paulo Guilherme Boulos (PSOL). Ele tamb\u00e9m votaria no segundo turno das elei\u00e7\u00f5es municipais, no domingo (27), em S\u00e3o Bernardo do Campo (SP)\n<\/p>\n<p>Fonte: R7              <\/p>\n<\/div>\n<p><br \/>\n<br \/><a href=\"https:\/\/diariodobrasilnoticias.com.br\/noticia\/apos-nove-dias-lula-remove-os-pontos-da-cirurgia-na-nuca-67201723d948a\">Source link <\/a><\/p>","protected":false},"excerpt":{"rendered":"<p>O presidente Luiz In\u00e1cio Lula da Silva retirou nesta segunda-feira (28) os pontos do corte que sofreu na nuca em 19 de outubro. O comboio do petista deixou o Pal\u00e1cio&hellip;<\/p>","protected":false},"author":1,"featured_media":52889,"comment_status":"closed","ping_status":"open","sticky":false,"template":"","format":"standard","meta":{"content-type":"","footnotes":""},"categories":[16],"tags":[123,2448,5313,1267],"class_list":["post-52888","post","type-post","status-publish","format-standard","has-post-thumbnail","hentry","category-noticias","tag-brasil","tag-diario","tag-noticia","tag-noticias"],"_links":{"self":[{"href":"https:\/\/tvbrazilusa.com\/pt\/wp-json\/wp\/v2\/posts\/52888","targetHints":{"allow":["GET"]}}],"collection":[{"href":"https:\/\/tvbrazilusa.com\/pt\/wp-json\/wp\/v2\/posts"}],"about":[{"href":"https:\/\/tvbrazilusa.com\/pt\/wp-json\/wp\/v2\/types\/post"}],"author":[{"embeddable":true,"href":"https:\/\/tvbrazilusa.com\/pt\/wp-json\/wp\/v2\/users\/1"}],"replies":[{"embeddable":true,"href":"https:\/\/tvbrazilusa.com\/pt\/wp-json\/wp\/v2\/comments?post=52888"}],"version-history":[{"count":1,"href":"https:\/\/tvbrazilusa.com\/pt\/wp-json\/wp\/v2\/posts\/52888\/revisions"}],"predecessor-version":[{"id":52890,"href":"https:\/\/tvbrazilusa.com\/pt\/wp-json\/wp\/v2\/posts\/52888\/revisions\/52890"}],"wp:featuredmedia":[{"embeddable":true,"href":"https:\/\/tvbrazilusa.com\/pt\/wp-json\/wp\/v2\/media\/52889"}],"wp:attachment":[{"href":"https:\/\/tvbrazilusa.com\/pt\/wp-json\/wp\/v2\/media?parent=52888"}],"wp:term":[{"taxonomy":"category","embeddable":true,"href":"https:\/\/tvbrazilusa.com\/pt\/wp-json\/wp\/v2\/categories?post=52888"},{"taxonomy":"post_tag","embeddable":true,"href":"https:\/\/tvbrazilusa.com\/pt\/wp-json\/wp\/v2\/tags?post=52888"}],"curies":[{"name":"wp","href":"https:\/\/api.w.org\/{rel}","templated":true}]}}