{"id":5289,"date":"2024-07-21T22:32:14","date_gmt":"2024-07-21T22:32:14","guid":{"rendered":"https:\/\/tvbrazilusa.com\/2024\/07\/21\/obama-publica-pronunciamento-apos-desistencia-de-joe-biden-paulo-figueiredo\/"},"modified":"2024-07-21T22:33:30","modified_gmt":"2024-07-21T22:33:30","slug":"obama-publica-pronunciamento-apos-desistencia-de-joe-biden-paulo-figueiredo","status":"publish","type":"post","link":"https:\/\/tvbrazilusa.com\/pt\/2024\/07\/21\/obama-publica-pronunciamento-apos-desistencia-de-joe-biden-paulo-figueiredo\/","title":{"rendered":"Obama publica pronunciamento ap\u00f3s desist\u00eancia de Joe Biden &#8211; Paulo Figueiredo"},"content":{"rendered":"<p> <script async src=\"https:\/\/pagead2.googlesyndication.com\/pagead\/js\/adsbygoogle.js?client=ca-pub-8864793242727901\"\r\n     crossorigin=\"anonymous\"><\/script><br \/>\n<\/p>\n<div id=\"wtr-content\" data-bg=\"#FFFFFF\" data-fg=\"#006d91\" data-width=\"25\" data-mute=\"1\" data-fgopacity=\"1.00\" data-mutedopacity=\"0.5\" data-placement=\"bottom\" data-placement-offset=\"0\" data-content-offset=\"262\" data-placement-touch=\"bottom\" data-placement-offset-touch=\"0\" data-transparent=\"\" data-shadow=\"0\" data-touch=\"1\" data-non-touch=\"1\" data-comments=\"0\" data-commentsbg=\"transparent\" data-location=\"page\" data-mutedfg=\"#006d91\" data-endfg=\"#006d91\" data-rtl=\"\">\n<pre class=\"wp-block-preformatted has-small-font-size\">Foto - Mandel Ngan\/AF<\/pre>\n<h3 class=\"wp-block-heading\">\u201cNavegaremos por \u00e1guas desconhecidas\u201d, destacou ex-presidente dos EUA<\/h3>\n<p>O ex-presidente dos Estados Unidos, Barack Obama, se manifestou ap\u00f3s Joe Biden anunciar que desistiu de tentar a reelei\u00e7\u00e3o. Em pronunciamento publicado, neste domingo (21), ele elogiou o atual presidente americano, a quem chamou de \u201cquerido amigo\u201d e \u201cpatriota\u201d.<\/p>\n<p>\u2013 Joe Biden tem sido um dos presidentes mais importantes da Am\u00e9rica, bem como um querido amigo e parceiro para mim. Hoje, tamb\u00e9m fomos lembrados \u2013 mais uma vez \u2013 de que ele \u00e9 um patriota do mais alto n\u00edvel \u2013 escreveu.<\/p>\n<p>A declara\u00e7\u00e3o completa de Obama est\u00e1 na plataforma\u00a0Medium. No texto, ele afirma que Biden \u201centende melhor do que ningu\u00e9m o que est\u00e1 em jogo nesta elei\u00e7\u00e3o\u201d.<\/p>\n<p>\u2013 Joe entende melhor do que ningu\u00e9m o que est\u00e1 em jogo nesta elei\u00e7\u00e3o \u2013 como tudo pelo que ele lutou ao longo de sua vida, e tudo o que o Partido Democrata representa, estar\u00e1 em risco se permitirmos que Donald Trump volte \u00e0 Casa Branca e dermos aos republicanos o controle do Congresso \u2013 escreveu.<\/p>\n<p>E acrescentou:<\/p>\n<p>\u2013 Tamb\u00e9m sei que Joe nunca desistiu de uma briga. Para ele, olhar para o cen\u00e1rio pol\u00edtico e decidir que deveria passar a tocha para um novo candidato \u00e9 certamente um dos momentos mais dif\u00edceis de sua vida. Mas sei que ele n\u00e3o tomaria esta decis\u00e3o a menos que acreditasse que era certa para a Am\u00e9rica. \u00c9 uma prova do amor de Joe Biden pelo pa\u00eds \u2013 e um exemplo hist\u00f3rico de um servidor p\u00fablico genu\u00edno que mais uma vez coloca os interesses do povo americano \u00e0 frente dos seus pr\u00f3prios, que as futuras gera\u00e7\u00f5es de l\u00edderes far\u00e3o bem em seguir.<\/p>\n<p>No texto, Obama falou ainda que os l\u00edderes do Partido Democrata \u201cser\u00e3o capazes de criar um processo do qual emerja um candidato not\u00e1vel\u201d.<\/p>\n<p>\u2013 Estaremos navegando em \u00e1guas desconhecidas nos pr\u00f3ximos dias. Mas tenho uma confian\u00e7a extraordin\u00e1ria de que os l\u00edderes do nosso partido ser\u00e3o capazes de criar um processo do qual emerja um candidato not\u00e1vel. Acredito que a vis\u00e3o de Joe Biden de uma Am\u00e9rica generosa, pr\u00f3spera e unida, que ofere\u00e7a oportunidades para todos, estar\u00e1 plenamente exposta na Conven\u00e7\u00e3o Democrata, em agosto. E espero que cada um de n\u00f3s esteja preparado para levar essa mensagem de esperan\u00e7a e progresso at\u00e9 novembro e al\u00e9m.<\/p>\n<p>Ao concluir o texto, Barack Obama disse que o presidente Joe Biden e a esposa, Jill Biden, lideram com \u201chabilidade e coragem durante estes tempos perigosos\u201d e t\u00eam \u201ccompromisso com os ideais de liberdade e igualdade em que\u201d o pa\u00eds foi fundado.<\/p>\n<figure class=\"wp-block-image size-large\"><\/figure>\n<p><strong><a href=\"https:\/\/www.aliadosbrasiloficial.com.br\/noticia\/obama-publica-pronunciamento-apos-desistencia-de-joe-biden\">Source link<\/a><\/strong><\/p>\n<\/div>\n<p><br \/>\n<br \/><a href=\"https:\/\/paulofigueiredoshow.com\/obama-publica-pronunciamento-apos-desistencia-de-joe-biden\/\">Source link <\/a><\/p>","protected":false},"excerpt":{"rendered":"<p>Foto &#8211; Mandel Ngan\/AF \u201cNavegaremos por \u00e1guas desconhecidas\u201d, destacou ex-presidente dos EUA O ex-presidente dos Estados Unidos, Barack Obama, se manifestou ap\u00f3s Joe Biden anunciar que desistiu de tentar a&hellip;<\/p>","protected":false},"author":1,"featured_media":5290,"comment_status":"closed","ping_status":"open","sticky":false,"template":"","format":"standard","meta":{"content-type":"","footnotes":""},"categories":[16],"tags":[],"class_list":["post-5289","post","type-post","status-publish","format-standard","has-post-thumbnail","hentry","category-noticias"],"_links":{"self":[{"href":"https:\/\/tvbrazilusa.com\/pt\/wp-json\/wp\/v2\/posts\/5289","targetHints":{"allow":["GET"]}}],"collection":[{"href":"https:\/\/tvbrazilusa.com\/pt\/wp-json\/wp\/v2\/posts"}],"about":[{"href":"https:\/\/tvbrazilusa.com\/pt\/wp-json\/wp\/v2\/types\/post"}],"author":[{"embeddable":true,"href":"https:\/\/tvbrazilusa.com\/pt\/wp-json\/wp\/v2\/users\/1"}],"replies":[{"embeddable":true,"href":"https:\/\/tvbrazilusa.com\/pt\/wp-json\/wp\/v2\/comments?post=5289"}],"version-history":[{"count":1,"href":"https:\/\/tvbrazilusa.com\/pt\/wp-json\/wp\/v2\/posts\/5289\/revisions"}],"predecessor-version":[{"id":5291,"href":"https:\/\/tvbrazilusa.com\/pt\/wp-json\/wp\/v2\/posts\/5289\/revisions\/5291"}],"wp:featuredmedia":[{"embeddable":true,"href":"https:\/\/tvbrazilusa.com\/pt\/wp-json\/wp\/v2\/media\/5290"}],"wp:attachment":[{"href":"https:\/\/tvbrazilusa.com\/pt\/wp-json\/wp\/v2\/media?parent=5289"}],"wp:term":[{"taxonomy":"category","embeddable":true,"href":"https:\/\/tvbrazilusa.com\/pt\/wp-json\/wp\/v2\/categories?post=5289"},{"taxonomy":"post_tag","embeddable":true,"href":"https:\/\/tvbrazilusa.com\/pt\/wp-json\/wp\/v2\/tags?post=5289"}],"curies":[{"name":"wp","href":"https:\/\/api.w.org\/{rel}","templated":true}]}}