{"id":52891,"date":"2024-10-29T03:42:52","date_gmt":"2024-10-29T03:42:52","guid":{"rendered":"https:\/\/tvbrazilusa.com\/2024\/10\/29\/connecticut-continua-a-lutar-enquanto-o-historico-outono-seco-provoca-incendios-em-todo-o-estado\/"},"modified":"2024-10-29T03:53:26","modified_gmt":"2024-10-29T03:53:26","slug":"connecticut-continua-a-lutar-enquanto-o-historico-outono-seco-provoca-incendios-em-todo-o-estado","status":"publish","type":"post","link":"https:\/\/tvbrazilusa.com\/pt\/2024\/10\/29\/connecticut-continua-a-lutar-enquanto-o-historico-outono-seco-provoca-incendios-em-todo-o-estado\/","title":{"rendered":"Connecticut continua a lutar enquanto o hist\u00f3rico outono seco provoca inc\u00eandios em todo o estado"},"content":{"rendered":"<script async src=\"https:\/\/pagead2.googlesyndication.com\/pagead\/js\/adsbygoogle.js?client=ca-pub-8864793242727901\"\r\n     crossorigin=\"anonymous\"><\/script>\n<p>CONNECTICUT (WTNH) \u2013 Este ano foi o outono mais seco no estado de Connecticut desde que come\u00e7aram a acompanhar em 1905.<\/p>\n<div class=\"nlp-ignore-block article-content rich-text\">\n<aside class=\"promo-link\">\n\t<a href=\"https:\/\/www.wtnh.com\/news\/connecticut\/new-london\/5-acres-burn-in-east-lyme-brush-fire\/?ipid=promo-link-block1\" class=\"promo-link__link\" target=\"\"_blank\"\"><\/p>\n<p>\t\t5 acres queimados em inc\u00eandio florestal em East Lyme\t<\/a><br \/>\n<\/aside>\n<\/div>\n<p>As florestas de Connecticut continuam a arder esta semana, atraindo esfor\u00e7os de socorro de todo o pa\u00eds. Seis bombeiros ficaram feridos este m\u00eas e um morreu no cumprimento do dever no combate a inc\u00eandios florestais.<\/p>\n<p>Os recursos s\u00e3o escassos nos n\u00edveis estadual e local. 40 membros da Guarda Nacional de Connecticut foram ativados para ajudar nas opera\u00e7\u00f5es a\u00e9reas de combate a inc\u00eandios no Aeroporto Internacional de Bradley, enquanto dois helic\u00f3pteros continuam a apagar inc\u00eandios com quase 400.000 gal\u00f5es de \u00e1gua at\u00e9 o momento.<\/p>\n<p>A guarda nacional n\u00e3o realiza lan\u00e7amentos a\u00e9reos com \u00e1gua desde 1995.<\/p>\n<p>\u201cAt\u00e9 que haja uma chuva forte, consideramos todos esses inc\u00eandios em todo o estado que precisam ser controlados e, por isso, estamos trabalhando para garantir que haja vigil\u00e2ncia adequada e que estejamos ajudando a enfrentar os novos inc\u00eandios que est\u00e3o surgindo, e coloque pessoal no local para evitar que se transformem em inc\u00eandios maiores&#8221;, disse Dykes.<\/p>\n<p>O DEEP anunciou que est\u00e1 convocando uma equipe de 20 pessoas de Quebec, Canad\u00e1, para chegar no final desta semana. <\/p>\n<p>Assista ao v\u00eddeo completo no player acima.<\/p>\n<p><br \/>\n<br \/><a href=\"https:\/\/www.wtnh.com\/news\/connecticut\/connecticut-continues-to-struggle-as-historic-dry-autumn-sparks-fires-across-the-state\/\">Source link <\/a><\/p>","protected":false},"excerpt":{"rendered":"<p>CONNECTICUT (WTNH) \u2013 Este ano foi o outono mais seco no estado de Connecticut desde que come\u00e7aram a acompanhar em 1905. 5 acres queimados em inc\u00eandio florestal em East Lyme&hellip;<\/p>","protected":false},"author":1,"featured_media":52892,"comment_status":"closed","ping_status":"open","sticky":false,"template":"","format":"standard","meta":{"content-type":"","footnotes":""},"categories":[1],"tags":[],"class_list":["post-52891","post","type-post","status-publish","format-standard","has-post-thumbnail","hentry","category-uncategorized"],"_links":{"self":[{"href":"https:\/\/tvbrazilusa.com\/pt\/wp-json\/wp\/v2\/posts\/52891","targetHints":{"allow":["GET"]}}],"collection":[{"href":"https:\/\/tvbrazilusa.com\/pt\/wp-json\/wp\/v2\/posts"}],"about":[{"href":"https:\/\/tvbrazilusa.com\/pt\/wp-json\/wp\/v2\/types\/post"}],"author":[{"embeddable":true,"href":"https:\/\/tvbrazilusa.com\/pt\/wp-json\/wp\/v2\/users\/1"}],"replies":[{"embeddable":true,"href":"https:\/\/tvbrazilusa.com\/pt\/wp-json\/wp\/v2\/comments?post=52891"}],"version-history":[{"count":1,"href":"https:\/\/tvbrazilusa.com\/pt\/wp-json\/wp\/v2\/posts\/52891\/revisions"}],"predecessor-version":[{"id":52893,"href":"https:\/\/tvbrazilusa.com\/pt\/wp-json\/wp\/v2\/posts\/52891\/revisions\/52893"}],"wp:featuredmedia":[{"embeddable":true,"href":"https:\/\/tvbrazilusa.com\/pt\/wp-json\/wp\/v2\/media\/52892"}],"wp:attachment":[{"href":"https:\/\/tvbrazilusa.com\/pt\/wp-json\/wp\/v2\/media?parent=52891"}],"wp:term":[{"taxonomy":"category","embeddable":true,"href":"https:\/\/tvbrazilusa.com\/pt\/wp-json\/wp\/v2\/categories?post=52891"},{"taxonomy":"post_tag","embeddable":true,"href":"https:\/\/tvbrazilusa.com\/pt\/wp-json\/wp\/v2\/tags?post=52891"}],"curies":[{"name":"wp","href":"https:\/\/api.w.org\/{rel}","templated":true}]}}