{"id":52900,"date":"2024-10-29T04:31:10","date_gmt":"2024-10-29T04:31:10","guid":{"rendered":"https:\/\/tvbrazilusa.com\/2024\/10\/29\/frente-fria-traz-clima-de-inverno-para-sp-e-rj\/"},"modified":"2024-10-29T04:31:11","modified_gmt":"2024-10-29T04:31:11","slug":"frente-fria-traz-clima-de-inverno-para-sp-e-rj","status":"publish","type":"post","link":"https:\/\/tvbrazilusa.com\/pt\/2024\/10\/29\/frente-fria-traz-clima-de-inverno-para-sp-e-rj\/","title":{"rendered":"Frente fria traz clima de inverno para SP e RJ"},"content":{"rendered":"<p> <script async src=\"https:\/\/pagead2.googlesyndication.com\/pagead\/js\/adsbygoogle.js?client=ca-pub-8864793242727901\"\r\n     crossorigin=\"anonymous\"><\/script><br \/>\n<\/p>\n<div id=\"taboola-read-more\" style=\"display:block; width:100%\">\n<p>Durante esta semana, S\u00e3o Paulo e Rio de Janeiro experimentar\u00e3o um clima semelhante ao inverno. A presen\u00e7a de uma massa de ar frio sobre o oceano influenciar\u00e1 as condi\u00e7\u00f5es clim\u00e1ticas. A frente fria vai trazer tempo nublado, chuvas leves e temperaturas amenas para esses Estados. O site Meteored divulgou a previs\u00e3o do tempo nesta segunda-feira, 28.\n<\/p>\n<p>No leste do Estado de S\u00e3o Paulo e no Rio de Janeiro, o tempo deve permanecer inst\u00e1vel durante toda a semana. As temperaturas ser\u00e3o baixas, e a previs\u00e3o mostra um padr\u00e3o de tempo \u00famido e chuvas leves, resultante da perman\u00eancia dessa massa de ar frio no oceano.<\/p>\n<p>As regi\u00f5es Centro-Oeste e Sudeste do Brasil enfrentar\u00e3o chuvas significativas, com potencial de eventos intensos de precipita\u00e7\u00e3o em \u00e1reas como Goi\u00e1s, Minas Gerais e Esp\u00edrito Santo. No entanto, S\u00e3o Paulo e Rio de Janeiro n\u00e3o devem enfrentar condi\u00e7\u00f5es clim\u00e1ticas extremas ou potenciais transtornos.\n<\/p>\n<p>Por causa da umidade transportada pelo ar frio, o tempo nublado e a chuva fraca ser\u00e3o predominantes no leste paulista e no territ\u00f3rio fluminense. As temperaturas nas capitais devem variar de 21\u00b0C a 24\u00b0C, com sensa\u00e7\u00e3o de frio mais acentuada nas manh\u00e3s e noites.\n<\/p>\n<p>Em S\u00e3o Paulo, as m\u00ednimas devem cair para cerca de 15\u00b0C, enquanto no Rio de Janeiro as temperaturas m\u00ednimas devem girar em torno de 20\u00b0C. Na Grande S\u00e3o Paulo, as chuvas ser\u00e3o mais frequentes e fracas, principalmente \u00e0 tarde. As precipita\u00e7\u00f5es devem se concentrar no sul da regi\u00e3o metropolitana, como o Grande ABC Paulista.\n<\/p>\n<p>N\u00e3o h\u00e1 previs\u00e3o de chuvas significativas na capital paulista, e os acumulados at\u00e9 sexta-feira 1\u00ba podem atingir 15 mm no sul e sudeste da regi\u00e3o metropolitana. Na \u00e1rea central, espera-se que as chuvas sejam insignificantes, com acumulados em torno de 2 mm.\n<\/p>\n<p>A regi\u00e3o da Serra do Mar, na faixa leste de S\u00e3o Paulo, pode registrar volumes de chuva mais expressivos, chegando a at\u00e9 30 mm. No decorrer da semana, as temperaturas na Grande S\u00e3o Paulo ser\u00e3o mais baixas que nos \u00faltimos dias, com caracter\u00edsticas de clima inverno.\n<\/p>\n<p>O amanhecer ser\u00e1 frio, com m\u00ednimas de 15\u00b0C a 17\u00b0C. Na capital paulista, as m\u00ednimas ser\u00e3o de 17\u00b0C, na ter\u00e7a-feira 29 e na quarta-feira 30, e de 15\u00b0C, na quinta-feira 31 e na sexta-feira. As m\u00e1ximas variam de 19\u00b0C a 24\u00b0C na regi\u00e3o metropolitana.\n<\/p>\n<p>A previs\u00e3o do tempo no Rio de Janeiro<br \/>No Rio de Janeiro, as chuvas fracas e persistentes est\u00e3o previstas para ocorrer principalmente \u00e0 tarde, a partir da ter\u00e7a-feira. Os acumulados at\u00e9 sexta-feira na regi\u00e3o metropolitana devem variar de 6 mm a 25 mm, com os menores valores registrados na parte sul.\n<\/p>\n<p>Na capital carioca, espera-se que as chuvas acumulem cerca de 6,4 mm. As temperaturas m\u00ednimas no Rio de Janeiro oscilar\u00e3o de 17\u00b0C a 21\u00b0C ao longo da semana, por causa da frente fria. Na capital, as m\u00ednimas ser\u00e3o de 21\u00b0C, na ter\u00e7a-feira, na quarta-feira e na sexta-feira, e de 20\u00b0C, na quinta-feira.\n<\/p>\n<p>As temperaturas m\u00e1ximas na Regi\u00e3o Metropolitana do Rio de Janeiro devem variar de 22\u00b0C a 26\u00b0C, enquanto na capital os valores m\u00e1ximos ser\u00e3o de 24\u00b0C na ter\u00e7a-feira, na quarta-feira e na sexta-feira, e 23\u00b0C na quinta-feira.\n<\/p>\n<p>Fonte: Revista Oeste              <\/p>\n<\/div>\n<p><br \/>\n<br \/><a href=\"https:\/\/diariodobrasilnoticias.com.br\/noticia\/frente-fria-traz-clima-de-inverno-para-sp-e-rj-672019f406dc3\">Source link <\/a><\/p>","protected":false},"excerpt":{"rendered":"<p>Durante esta semana, S\u00e3o Paulo e Rio de Janeiro experimentar\u00e3o um clima semelhante ao inverno. A presen\u00e7a de uma massa de ar frio sobre o oceano influenciar\u00e1 as condi\u00e7\u00f5es clim\u00e1ticas.&hellip;<\/p>","protected":false},"author":1,"featured_media":52901,"comment_status":"closed","ping_status":"open","sticky":false,"template":"","format":"standard","meta":{"content-type":"","footnotes":""},"categories":[16],"tags":[123,2448,5313,1267],"class_list":["post-52900","post","type-post","status-publish","format-standard","has-post-thumbnail","hentry","category-noticias","tag-brasil","tag-diario","tag-noticia","tag-noticias"],"_links":{"self":[{"href":"https:\/\/tvbrazilusa.com\/pt\/wp-json\/wp\/v2\/posts\/52900","targetHints":{"allow":["GET"]}}],"collection":[{"href":"https:\/\/tvbrazilusa.com\/pt\/wp-json\/wp\/v2\/posts"}],"about":[{"href":"https:\/\/tvbrazilusa.com\/pt\/wp-json\/wp\/v2\/types\/post"}],"author":[{"embeddable":true,"href":"https:\/\/tvbrazilusa.com\/pt\/wp-json\/wp\/v2\/users\/1"}],"replies":[{"embeddable":true,"href":"https:\/\/tvbrazilusa.com\/pt\/wp-json\/wp\/v2\/comments?post=52900"}],"version-history":[{"count":1,"href":"https:\/\/tvbrazilusa.com\/pt\/wp-json\/wp\/v2\/posts\/52900\/revisions"}],"predecessor-version":[{"id":52902,"href":"https:\/\/tvbrazilusa.com\/pt\/wp-json\/wp\/v2\/posts\/52900\/revisions\/52902"}],"wp:featuredmedia":[{"embeddable":true,"href":"https:\/\/tvbrazilusa.com\/pt\/wp-json\/wp\/v2\/media\/52901"}],"wp:attachment":[{"href":"https:\/\/tvbrazilusa.com\/pt\/wp-json\/wp\/v2\/media?parent=52900"}],"wp:term":[{"taxonomy":"category","embeddable":true,"href":"https:\/\/tvbrazilusa.com\/pt\/wp-json\/wp\/v2\/categories?post=52900"},{"taxonomy":"post_tag","embeddable":true,"href":"https:\/\/tvbrazilusa.com\/pt\/wp-json\/wp\/v2\/tags?post=52900"}],"curies":[{"name":"wp","href":"https:\/\/api.w.org\/{rel}","templated":true}]}}