{"id":52905,"date":"2024-10-29T09:53:02","date_gmt":"2024-10-29T09:53:02","guid":{"rendered":"https:\/\/tvbrazilusa.com\/2024\/10\/29\/governo-da-bolivia-diz-que-evo-morales-atirou-contra-policiais\/"},"modified":"2024-10-29T09:53:04","modified_gmt":"2024-10-29T09:53:04","slug":"governo-da-bolivia-diz-que-evo-morales-atirou-contra-policiais","status":"publish","type":"post","link":"https:\/\/tvbrazilusa.com\/pt\/2024\/10\/29\/governo-da-bolivia-diz-que-evo-morales-atirou-contra-policiais\/","title":{"rendered":"Governo da Bol\u00edvia diz que Evo Morales atirou contra policiais"},"content":{"rendered":"<p> <script async src=\"https:\/\/pagead2.googlesyndication.com\/pagead\/js\/adsbygoogle.js?client=ca-pub-8864793242727901\"\r\n     crossorigin=\"anonymous\"><\/script><br \/>\n<\/p>\n<div id=\"taboola-read-more\" style=\"display:block; width:100%\">\n<p>O governo boliviano negou nesta segunda-feira (28) as acusa\u00e7\u00f5es de que liderou um ataque direcionado contra o ex-presidente Evo Morales, cujo carro foi alvejado no domingo (27), afirmando que o comboio do ex-l\u00edder disparou contra a pol\u00edcia de combate ao narcotr\u00e1fico, que realizava uma patrulha.\n<\/p>\n<p>Morales afirma que o governo tentou assassin\u00e1-lo quando balas atingiram seu carro nas primeiras horas de domingo, marcando um novo cap\u00edtulo de tens\u00f5es na na\u00e7\u00e3o andina entre o ex-presidente e seu ex-aliado, o presidente Luis Arce.<\/p>\n<p>O ministro do Interior boliviano, Eduardo del Castillo, disse em entrevista coletiva que a unidade FELCN de combate ao narcotr\u00e1fico estava realizando uma patrulha rodovi\u00e1ria padr\u00e3o quando o comboio de Morales atirou e atropelou um policial.\n<\/p>\n<p>Morales havia dito em uma entrevista de r\u00e1dio no domingo que de fato havia reagido a tiros contra policiais, depois que eles abriram fogo.\n<\/p>\n<p>Os ve\u00edculos de Morales eram suspeitos de transportar drogas, segundo o governo.<br \/>Morales, por sua vez, classificou como falsas as alega\u00e7\u00f5es de que as autoridades estavam realizando uma opera\u00e7\u00e3o padr\u00e3o de combate ao tr\u00e1fico de drogas.\n<\/p>\n<p>\u201cSe esse fosse o caso, por que sua equipe policial de elite atirou mais de 18 vezes nos ve\u00edculos em que eu estava viajando?\u201d, escreveu ele no X.<\/p>\n<p>Fonte: CNN Brasil              <\/p>\n<\/div>\n<p><br \/>\n<br \/><a href=\"https:\/\/diariodobrasilnoticias.com.br\/noticia\/governo-da-bolivia-diz-que-evo-morales-atirou-contra-policiais-6720aff664f24\">Source link <\/a><\/p>","protected":false},"excerpt":{"rendered":"<p>O governo boliviano negou nesta segunda-feira (28) as acusa\u00e7\u00f5es de que liderou um ataque direcionado contra o ex-presidente Evo Morales, cujo carro foi alvejado no domingo (27), afirmando que o&hellip;<\/p>","protected":false},"author":1,"featured_media":52906,"comment_status":"closed","ping_status":"open","sticky":false,"template":"","format":"standard","meta":{"content-type":"","footnotes":""},"categories":[16],"tags":[123,2448,5313,1267],"class_list":["post-52905","post","type-post","status-publish","format-standard","has-post-thumbnail","hentry","category-noticias","tag-brasil","tag-diario","tag-noticia","tag-noticias"],"_links":{"self":[{"href":"https:\/\/tvbrazilusa.com\/pt\/wp-json\/wp\/v2\/posts\/52905","targetHints":{"allow":["GET"]}}],"collection":[{"href":"https:\/\/tvbrazilusa.com\/pt\/wp-json\/wp\/v2\/posts"}],"about":[{"href":"https:\/\/tvbrazilusa.com\/pt\/wp-json\/wp\/v2\/types\/post"}],"author":[{"embeddable":true,"href":"https:\/\/tvbrazilusa.com\/pt\/wp-json\/wp\/v2\/users\/1"}],"replies":[{"embeddable":true,"href":"https:\/\/tvbrazilusa.com\/pt\/wp-json\/wp\/v2\/comments?post=52905"}],"version-history":[{"count":1,"href":"https:\/\/tvbrazilusa.com\/pt\/wp-json\/wp\/v2\/posts\/52905\/revisions"}],"predecessor-version":[{"id":52907,"href":"https:\/\/tvbrazilusa.com\/pt\/wp-json\/wp\/v2\/posts\/52905\/revisions\/52907"}],"wp:featuredmedia":[{"embeddable":true,"href":"https:\/\/tvbrazilusa.com\/pt\/wp-json\/wp\/v2\/media\/52906"}],"wp:attachment":[{"href":"https:\/\/tvbrazilusa.com\/pt\/wp-json\/wp\/v2\/media?parent=52905"}],"wp:term":[{"taxonomy":"category","embeddable":true,"href":"https:\/\/tvbrazilusa.com\/pt\/wp-json\/wp\/v2\/categories?post=52905"},{"taxonomy":"post_tag","embeddable":true,"href":"https:\/\/tvbrazilusa.com\/pt\/wp-json\/wp\/v2\/tags?post=52905"}],"curies":[{"name":"wp","href":"https:\/\/api.w.org\/{rel}","templated":true}]}}