{"id":52908,"date":"2024-10-29T10:05:12","date_gmt":"2024-10-29T10:05:12","guid":{"rendered":"https:\/\/tvbrazilusa.com\/2024\/10\/29\/gleisi-hoffmann-pede-respeito-ao-pt-apos-padilha-afirmar-que-o-partido-esta-no-z4\/"},"modified":"2024-10-29T10:05:13","modified_gmt":"2024-10-29T10:05:13","slug":"gleisi-hoffmann-pede-respeito-ao-pt-apos-padilha-afirmar-que-o-partido-esta-no-z4","status":"publish","type":"post","link":"https:\/\/tvbrazilusa.com\/pt\/2024\/10\/29\/gleisi-hoffmann-pede-respeito-ao-pt-apos-padilha-afirmar-que-o-partido-esta-no-z4\/","title":{"rendered":"Gleisi Hoffmann pede respeito ao PT ap\u00f3s Padilha afirmar que o partido est\u00e1 no Z4"},"content":{"rendered":"<p> <script async src=\"https:\/\/pagead2.googlesyndication.com\/pagead\/js\/adsbygoogle.js?client=ca-pub-8864793242727901\"\r\n     crossorigin=\"anonymous\"><\/script><br \/>\n<\/p>\n<div id=\"taboola-read-more\" style=\"display:block; width:100%\">\n<p>A presidente do PT (Partido dos Trabalhadores), deputada Gleisi Hoffmann (PR), pediu respeito ao partido em resposta \u00e0s cr\u00edticas do ministro das Rela\u00e7\u00f5es Institucionais, Alexandre Padilha, nesta segunda-feira (28). \u201cPadilha devia focar nas articula\u00e7\u00f5es pol\u00edticas do governo, de sua responsabilidade, que ajudaram a chegar a esses resultados. Mais respeito com o partido que lutou por Lula Livre e Lula Presidente, quando poucos acreditavam&#8221;, disse Gleisi pelas redes sociais.\n<\/p>\n<p>Hoje mais cedo, Padilha comparou o desempenho da sigla nas elei\u00e7\u00f5es municipais a est\u00e1 na zona de rebaixamento do Campeonato Brasileiro. \u201cO PT \u00e9 o campe\u00e3o nacional das elei\u00e7\u00f5es presidenciais, mas na minha avalia\u00e7\u00e3o, n\u00e3o saiu ainda do Z4 que entrou em 2016 nas elei\u00e7\u00f5es municipais. Ent\u00e3o, teve conquistas importantes, a elei\u00e7\u00e3o na capital, elegeu cidades importantes nesse 2\u00ba turno, mas ainda tem um esfor\u00e7o de recupera\u00e7\u00e3o&#8221;, disse Padilha.<\/p>\n<p class=\"dark:base-text-neutral-high-400 base-text-[calc(theme(fontSize.xs)_*_var(--font-size,_1))] base-font-normal base-font-primary base-text-neutral-low-500 base-text-left\"><span class=\"b-article-body__text\">Em resposta, a presidente do PT ainda disse que precisava \u201crefrescar a mem\u00f3ria do ministro Padilha&#8221;. Segundo ela, a sigla perdeu for\u00e7a nos munic\u00edpios como reflexo do crescimento do centro e da direita no Congresso. \u201cPagamos o pre\u00e7o, como partido, de estar num governo de ampla coaliz\u00e3o. E estamos numa ofensiva da extrema direita. Ofender o partido, fazendo gra\u00e7a, e diminuir nosso esfor\u00e7o nacional n\u00e3o contribui para alterar essa correla\u00e7\u00e3o de for\u00e7as&#8221;, afirmou.<\/span>\n<\/p>\n<div class=\"b-article-body__html\">\n<div style=\"display: flex; flex-direction: row; justify-content: center; width: 100%;\">\n<blockquote class=\"twitter-tweet\">\n<p dir=\"ltr\" lang=\"pt\">Temos de refrescar a mem\u00f3ria do ministro Padilha, o que aconteceu conosco desde 2016 e a base de centro e direita do Congresso que se reproduz nas elei\u00e7\u00f5es municipais, que ele bem conhece. Pagamos o pre\u00e7o, como partido, de estar num governo de ampla coaliz\u00e3o. E estamos numa\u2026<br \/>\n\u2014 Gleisi Hoffmann (@gleisi) <a href=\"https:\/\/twitter.com\/gleisi\/status\/1851029266655559868?ref_src=twsrc%5Etfw\">October 28, 2024<\/a><\/p>\n<\/blockquote>\n<\/div>\n<\/div>\n<p>\u00a0<\/p>\n<div class=\"b-article-body__html\">\n<p class=\"dark:base-text-neutral-high-400 base-text-[calc(theme(fontSize.xs)_*_var(--font-size,_1))] base-font-normal base-font-primary base-text-neutral-low-500 base-text-left\"><span class=\"b-article-body__text\">O PT s\u00f3 conseguiu a prefeitura de uma capital \u2014 Fortaleza \u2014 nestas elei\u00e7\u00f5es. Em 2020, o partido n\u00e3o tinha conquistado nenhuma. Ao todo, a sigla elegeu 252 prefeitos, crescimento de 38% em rela\u00e7\u00e3o a 2020.<\/span>\n<\/p>\n<p class=\"dark:base-text-neutral-high-400 base-text-[calc(theme(fontSize.xs)_*_var(--font-size,_1))] base-font-normal base-font-primary base-text-neutral-low-500 base-text-left\"><span class=\"b-article-body__text\">A executiva do partido esteve reunida na tarde desta segunda em Bras\u00edlia para debater o resultado das elei\u00e7\u00f5es.<\/span>\n<\/p>\n<p class=\"dark:base-text-neutral-high-400 base-text-[calc(theme(fontSize.xs)_*_var(--font-size,_1))] base-font-normal base-font-primary base-text-neutral-low-500 base-text-left\">\u00a0\n<\/p>\n<p class=\"dark:base-text-neutral-high-400 base-text-[calc(theme(fontSize.xs)_*_var(--font-size,_1))] base-font-normal base-font-primary base-text-neutral-low-500 base-text-left\"><span class=\"b-article-body__text\">Fonte: R7<\/span>\n<\/p>\n<\/div><\/div>\n<p><script async src=\"\/\/platform.twitter.com\/widgets.js\" charset=\"utf-8\"><\/script><br \/>\n<br \/><br \/>\n<br \/><a href=\"https:\/\/diariodobrasilnoticias.com.br\/noticia\/gleisi-hoffmann-pede-respeito-ao-pt-apos-padilha-afirmar-que-o-partido-esta-no-z4-6720b0e6e1631\">Source link <\/a><\/p>","protected":false},"excerpt":{"rendered":"<p>A presidente do PT (Partido dos Trabalhadores), deputada Gleisi Hoffmann (PR), pediu respeito ao partido em resposta \u00e0s cr\u00edticas do ministro das Rela\u00e7\u00f5es Institucionais, Alexandre Padilha, nesta segunda-feira (28). \u201cPadilha&hellip;<\/p>","protected":false},"author":1,"featured_media":52909,"comment_status":"closed","ping_status":"open","sticky":false,"template":"","format":"standard","meta":{"content-type":"","footnotes":""},"categories":[16],"tags":[123,2448,5313,1267],"class_list":["post-52908","post","type-post","status-publish","format-standard","has-post-thumbnail","hentry","category-noticias","tag-brasil","tag-diario","tag-noticia","tag-noticias"],"_links":{"self":[{"href":"https:\/\/tvbrazilusa.com\/pt\/wp-json\/wp\/v2\/posts\/52908","targetHints":{"allow":["GET"]}}],"collection":[{"href":"https:\/\/tvbrazilusa.com\/pt\/wp-json\/wp\/v2\/posts"}],"about":[{"href":"https:\/\/tvbrazilusa.com\/pt\/wp-json\/wp\/v2\/types\/post"}],"author":[{"embeddable":true,"href":"https:\/\/tvbrazilusa.com\/pt\/wp-json\/wp\/v2\/users\/1"}],"replies":[{"embeddable":true,"href":"https:\/\/tvbrazilusa.com\/pt\/wp-json\/wp\/v2\/comments?post=52908"}],"version-history":[{"count":1,"href":"https:\/\/tvbrazilusa.com\/pt\/wp-json\/wp\/v2\/posts\/52908\/revisions"}],"predecessor-version":[{"id":52910,"href":"https:\/\/tvbrazilusa.com\/pt\/wp-json\/wp\/v2\/posts\/52908\/revisions\/52910"}],"wp:featuredmedia":[{"embeddable":true,"href":"https:\/\/tvbrazilusa.com\/pt\/wp-json\/wp\/v2\/media\/52909"}],"wp:attachment":[{"href":"https:\/\/tvbrazilusa.com\/pt\/wp-json\/wp\/v2\/media?parent=52908"}],"wp:term":[{"taxonomy":"category","embeddable":true,"href":"https:\/\/tvbrazilusa.com\/pt\/wp-json\/wp\/v2\/categories?post=52908"},{"taxonomy":"post_tag","embeddable":true,"href":"https:\/\/tvbrazilusa.com\/pt\/wp-json\/wp\/v2\/tags?post=52908"}],"curies":[{"name":"wp","href":"https:\/\/api.w.org\/{rel}","templated":true}]}}