{"id":52929,"date":"2024-10-29T11:43:23","date_gmt":"2024-10-29T11:43:23","guid":{"rendered":"https:\/\/tvbrazilusa.com\/2024\/10\/29\/moradora-se-esconde-com-a-neta-apos-predio-ser-invadido-por-membros-do-flm-veja-video\/"},"modified":"2024-10-29T11:43:25","modified_gmt":"2024-10-29T11:43:25","slug":"moradora-se-esconde-com-a-neta-apos-predio-ser-invadido-por-membros-do-flm-veja-video","status":"publish","type":"post","link":"https:\/\/tvbrazilusa.com\/pt\/2024\/10\/29\/moradora-se-esconde-com-a-neta-apos-predio-ser-invadido-por-membros-do-flm-veja-video\/","title":{"rendered":"Moradora se esconde com a neta ap\u00f3s pr\u00e9dio ser invadido por membros do FLM; VEJA V\u00cdDEO"},"content":{"rendered":"<p> <script async src=\"https:\/\/pagead2.googlesyndication.com\/pagead\/js\/adsbygoogle.js?client=ca-pub-8864793242727901\"\r\n     crossorigin=\"anonymous\"><\/script><br \/>\n<\/p>\n<div>\n<figure class=\"post-image\">\n<\/figure>\n<p>            <span style=\"font-size: 12px\">Reprodu\u00e7\u00e3o<\/span><\/p>\n<p>            <!-- end metas --><br \/>\n            <!-- ADS --><\/p>\n<div id=\"taboola-read-more\" style=\"display:block; width:100%\">\n<p>Uma moradora do Centro Hist\u00f3rico de S\u00e3o Paulo viveu momentos de p\u00e2nico ao ter seu apartamento invadido por integrantes do movimento Frente de Luta por Moradia (FLM) na madrugada de domingo (27) para segunda-feira (28).<\/p>\n<p>Uma mulher, que n\u00e3o quis se identificar, e sua neta de 6 anos precisaram se esconder ap\u00f3s perceberem a movimenta\u00e7\u00e3o no pr\u00e9dio, segundo informa\u00e7\u00f5es da Pol\u00edcia Militar de S\u00e3o Paulo. Ela contou aos policiais que tentou explicar \u00e0s pessoas que invadiram seu apartamento que aquele era um edif\u00edcio residencial, mas sem sucesso. \u201cEntraram na porta da cozinha. J\u00e1 estavam dentro do pr\u00e9dio. Entraram no apartamento e abriram tudo\u201d, disse.<\/p>\n<p>Equipes da Pol\u00edcia de Choque foram acionadas e enfrentaram barricadas para acessar o edif\u00edcio, onde mais de 120 pessoas participavam da ocupa\u00e7\u00e3o. Ap\u00f3s negocia\u00e7\u00f5es, o local foi liberado. Durante a opera\u00e7\u00e3o, cinco pessoas foram presas, incluindo lideran\u00e7as do movimento. Al\u00e9m disso, nos bairros da Rep\u00fablica, Bela Vista, Centro Hist\u00f3rico e Mooca, integrantes de movimentos tamb\u00e9m ocuparam outros im\u00f3veis, gerando diversas a\u00e7\u00f5es policiais.\n<\/p>\n<p>ASSISTA:<\/p>\n<p>Fonte: Jovem Pan              <\/p>\n<\/div>\n<p>                        <!-- Scripts para conteudo --><\/p>\n<p>            <!-- .\/Scripts para conteudo --><br \/>\n            <!-- .\/Mat\u00e9ria --><\/p>\n<div class=\"row mt-3\">\n<div class=\"col-sm-6\">\n                <!-- Whatsapp channel 3--><br \/>\n                <a href=\"https:\/\/chat.whatsapp.com\/J6hwSKYns5B0XFowx2wZ0P\" target=\"_blank\" rel=\"noopener\"><br \/>\n                  <img decoding=\"async\" src=\"https:\/\/diariodobrasilnoticias.com.br\/assets-site\/images\/bot_whatsapp.png\"\/><\/a>\n              <\/div>\n<div class=\"col-sm-6\">\n                <a href=\"https:\/\/t.me\/+_4gTmi5LKo03OTM5\" target=\"_blank\" rel=\"noopener\"><br \/>\n                  <img decoding=\"async\" src=\"https:\/\/diariodobrasilnoticias.com.br\/assets-site\/images\/bot_telegram.png\"\/><\/a>\n              <\/div>\n<\/p><\/div>\n<p>            <!-- end post-navigation --><\/p>\n<p>              <!-- end row --><\/p>\n<p>              <!-- end col-12-->\n                      <\/div>\n<p><br \/>\n<br \/><a href=\"https:\/\/diariodobrasilnoticias.com.br\/noticia\/moradora-se-esconde-com-a-neta-apos-predio-ser-invadido-por-membros-do-flm-veja-video-6720b4596bae4\">Source link <\/a><\/p>","protected":false},"excerpt":{"rendered":"<p>Reprodu\u00e7\u00e3o Uma moradora do Centro Hist\u00f3rico de S\u00e3o Paulo viveu momentos de p\u00e2nico ao ter seu apartamento invadido por integrantes do movimento Frente de Luta por Moradia (FLM) na madrugada&hellip;<\/p>","protected":false},"author":1,"featured_media":52930,"comment_status":"closed","ping_status":"open","sticky":false,"template":"","format":"standard","meta":{"content-type":"","footnotes":""},"categories":[16],"tags":[123,2448,5313,1267],"class_list":["post-52929","post","type-post","status-publish","format-standard","has-post-thumbnail","hentry","category-noticias","tag-brasil","tag-diario","tag-noticia","tag-noticias"],"_links":{"self":[{"href":"https:\/\/tvbrazilusa.com\/pt\/wp-json\/wp\/v2\/posts\/52929","targetHints":{"allow":["GET"]}}],"collection":[{"href":"https:\/\/tvbrazilusa.com\/pt\/wp-json\/wp\/v2\/posts"}],"about":[{"href":"https:\/\/tvbrazilusa.com\/pt\/wp-json\/wp\/v2\/types\/post"}],"author":[{"embeddable":true,"href":"https:\/\/tvbrazilusa.com\/pt\/wp-json\/wp\/v2\/users\/1"}],"replies":[{"embeddable":true,"href":"https:\/\/tvbrazilusa.com\/pt\/wp-json\/wp\/v2\/comments?post=52929"}],"version-history":[{"count":1,"href":"https:\/\/tvbrazilusa.com\/pt\/wp-json\/wp\/v2\/posts\/52929\/revisions"}],"predecessor-version":[{"id":52931,"href":"https:\/\/tvbrazilusa.com\/pt\/wp-json\/wp\/v2\/posts\/52929\/revisions\/52931"}],"wp:featuredmedia":[{"embeddable":true,"href":"https:\/\/tvbrazilusa.com\/pt\/wp-json\/wp\/v2\/media\/52930"}],"wp:attachment":[{"href":"https:\/\/tvbrazilusa.com\/pt\/wp-json\/wp\/v2\/media?parent=52929"}],"wp:term":[{"taxonomy":"category","embeddable":true,"href":"https:\/\/tvbrazilusa.com\/pt\/wp-json\/wp\/v2\/categories?post=52929"},{"taxonomy":"post_tag","embeddable":true,"href":"https:\/\/tvbrazilusa.com\/pt\/wp-json\/wp\/v2\/tags?post=52929"}],"curies":[{"name":"wp","href":"https:\/\/api.w.org\/{rel}","templated":true}]}}