{"id":52932,"date":"2024-10-29T11:57:09","date_gmt":"2024-10-29T11:57:09","guid":{"rendered":"https:\/\/tvbrazilusa.com\/2024\/10\/29\/pl-da-anistia-retorna-a-pauta-da-ccj-e-a-oposicao-acredita-na-sua-aprovacao\/"},"modified":"2024-10-29T11:57:10","modified_gmt":"2024-10-29T11:57:10","slug":"pl-da-anistia-retorna-a-pauta-da-ccj-e-a-oposicao-acredita-na-sua-aprovacao","status":"publish","type":"post","link":"https:\/\/tvbrazilusa.com\/pt\/2024\/10\/29\/pl-da-anistia-retorna-a-pauta-da-ccj-e-a-oposicao-acredita-na-sua-aprovacao\/","title":{"rendered":"PL da anistia retorna \u00e0 pauta da CCJ, e a oposi\u00e7\u00e3o acredita na sua aprova\u00e7\u00e3o"},"content":{"rendered":"<p> <script async src=\"https:\/\/pagead2.googlesyndication.com\/pagead\/js\/adsbygoogle.js?client=ca-pub-8864793242727901\"\r\n     crossorigin=\"anonymous\"><\/script><br \/>\n<\/p>\n<div id=\"taboola-read-more\" style=\"display:block; width:100%\">\n<p>O entorno da deputada Caroline de Toni (PL-SC), que preside a Comiss\u00e3o de Constitui\u00e7\u00e3o e Justi\u00e7a da C\u00e2mara dos Deputados (CCJC), d\u00e1 como certa a aprova\u00e7\u00e3o do projeto de lei que anistia presos do 8 de janeiro, nesta ter\u00e7a-feira, 29. A reuni\u00e3o deliberativa ter\u00e1 in\u00edcio \u00e0s 14h30.\n<\/p>\n<p>Interlocutores da presid\u00eancia da Comiss\u00e3o afirmaram a este portal que a oposi\u00e7\u00e3o ao governo Lula na CCJ j\u00e1 contou votos e que s\u00e3o poucas as chances de uma revers\u00e3o de cen\u00e1rio no colegiado.<\/p>\n<p>A base governista n\u00e3o pode mais pedir vista e nem apresentar requerimento de retirada de pauta sobre o projeto relatado por Rodrigo Valadares (Uni\u00e3o-SE). Sem poder usar o chamado kit obstru\u00e7\u00e3o, a base petista ficou com pouca margem de manobra na Comiss\u00e3o.\n<\/p>\n<p>Ao longo da tramita\u00e7\u00e3o do Pl da Anistia no colegiado, Caroline de Toni foi acusada de atuar com \u2018parcialidade\u2018 por defender a aprova\u00e7\u00e3o da mat\u00e9ria. Em entrevista a O Antagonista, ela defendeu a \u2018necessidade\u2019 de avan\u00e7o da propositura.\n<\/p>\n<p>\u201cMuito se critica o regime militar. Hoje a gente vive o regime judicial no Brasil. Ent\u00e3o, o Congresso Nacional tem que dar essas respostas para que a gente retome a liberdade de express\u00e3o\u201d, defendeu.\n<\/p>\n<p>A primeira tentativa de votar a anistia na CCJ foi marcada por um debate polarizado entre base lulista e oposi\u00e7\u00e3o. A presidente do colegiado acusou l\u00edderes do governo de tramarem para impedir a realiza\u00e7\u00e3o da audi\u00eancia. \u201cSabemos da estrat\u00e9gia para derrubar a reuni\u00e3o. E o povo clama por anistia\u201c, declarou De Toni.\n<\/p>\n<p>Na mesma ocasi\u00e3o, a vota\u00e7\u00e3o foi interrompida pela abertura da ordem do dia no plen\u00e1rio da Casa Baixa. L\u00edderes da C\u00e2mara dos Deputados afirmam que o projeto faz parte das negocia\u00e7\u00f5es entre o presidente Arthur Lira (PP-AL) e a base bolsonarista com foco na sucess\u00e3o do parlamentar alagoano.\n<\/p>\n<p>Nesta segunda-feira,28, o presidente nacional do PL, Valdemar Costa Neto, afirmou que procuraria Lira para tratar do assunto.\n<\/p>\n<p>\u201cO que eu vou pedir para o Arthur [Lira, presidente da C\u00e2mara dos Deputados] hoje? Para ele tocar o processo da anistia que est\u00e1 na CCJ [Comiss\u00e3o de Constitui\u00e7\u00e3o e Justi\u00e7a e de Cidadania]\u201d, disse \u00e0 Globo News.<\/p>\n<p>Fonte: O antagonista              <\/p>\n<\/div>\n<p><br \/>\n<br \/><a href=\"https:\/\/diariodobrasilnoticias.com.br\/noticia\/pl-da-anistia-retorna-a-pauta-da-ccj-e-a-oposicao-acredita-na-sua-aprovacao-6720c5b07d17b\">Source link <\/a><\/p>","protected":false},"excerpt":{"rendered":"<p>O entorno da deputada Caroline de Toni (PL-SC), que preside a Comiss\u00e3o de Constitui\u00e7\u00e3o e Justi\u00e7a da C\u00e2mara dos Deputados (CCJC), d\u00e1 como certa a aprova\u00e7\u00e3o do projeto de lei&hellip;<\/p>","protected":false},"author":1,"featured_media":52933,"comment_status":"closed","ping_status":"open","sticky":false,"template":"","format":"standard","meta":{"content-type":"","footnotes":""},"categories":[16],"tags":[123,2448,5313,1267],"class_list":["post-52932","post","type-post","status-publish","format-standard","has-post-thumbnail","hentry","category-noticias","tag-brasil","tag-diario","tag-noticia","tag-noticias"],"_links":{"self":[{"href":"https:\/\/tvbrazilusa.com\/pt\/wp-json\/wp\/v2\/posts\/52932","targetHints":{"allow":["GET"]}}],"collection":[{"href":"https:\/\/tvbrazilusa.com\/pt\/wp-json\/wp\/v2\/posts"}],"about":[{"href":"https:\/\/tvbrazilusa.com\/pt\/wp-json\/wp\/v2\/types\/post"}],"author":[{"embeddable":true,"href":"https:\/\/tvbrazilusa.com\/pt\/wp-json\/wp\/v2\/users\/1"}],"replies":[{"embeddable":true,"href":"https:\/\/tvbrazilusa.com\/pt\/wp-json\/wp\/v2\/comments?post=52932"}],"version-history":[{"count":1,"href":"https:\/\/tvbrazilusa.com\/pt\/wp-json\/wp\/v2\/posts\/52932\/revisions"}],"predecessor-version":[{"id":52934,"href":"https:\/\/tvbrazilusa.com\/pt\/wp-json\/wp\/v2\/posts\/52932\/revisions\/52934"}],"wp:featuredmedia":[{"embeddable":true,"href":"https:\/\/tvbrazilusa.com\/pt\/wp-json\/wp\/v2\/media\/52933"}],"wp:attachment":[{"href":"https:\/\/tvbrazilusa.com\/pt\/wp-json\/wp\/v2\/media?parent=52932"}],"wp:term":[{"taxonomy":"category","embeddable":true,"href":"https:\/\/tvbrazilusa.com\/pt\/wp-json\/wp\/v2\/categories?post=52932"},{"taxonomy":"post_tag","embeddable":true,"href":"https:\/\/tvbrazilusa.com\/pt\/wp-json\/wp\/v2\/tags?post=52932"}],"curies":[{"name":"wp","href":"https:\/\/api.w.org\/{rel}","templated":true}]}}