{"id":52948,"date":"2024-10-29T13:15:39","date_gmt":"2024-10-29T13:15:39","guid":{"rendered":"https:\/\/tvbrazilusa.com\/2024\/10\/29\/veja-quem-e-o-novo-lider-do-hezbollah\/"},"modified":"2024-10-29T13:15:40","modified_gmt":"2024-10-29T13:15:40","slug":"veja-quem-e-o-novo-lider-do-hezbollah","status":"publish","type":"post","link":"https:\/\/tvbrazilusa.com\/pt\/2024\/10\/29\/veja-quem-e-o-novo-lider-do-hezbollah\/","title":{"rendered":"Veja quem \u00e9 o novo l\u00edder do Hezbollah"},"content":{"rendered":"<p> <script async src=\"https:\/\/pagead2.googlesyndication.com\/pagead\/js\/adsbygoogle.js?client=ca-pub-8864793242727901\"\r\n     crossorigin=\"anonymous\"><\/script><br \/>\n<\/p>\n<div id=\"taboola-read-more\" style=\"display:block; width:100%\">\n<p>O Hezbollah anunciou, nesta ter\u00e7a-feira, 29, que o xeique Naim Qassem assumiu oficialmente o cargo de secret\u00e1rio-geral da organiza\u00e7\u00e3o, ap\u00f3s a morte do ex-l\u00edder Hassan Nasrallah em um ataque israelense no final de setembro, em Beirute.\n<\/p>\n<p>Aos 71 anos, Qassem ocupava desde 1991 o posto de vice-l\u00edder e era uma das figuras mais influentes do Hezbollah, onde desempenhou papel essencial na lideran\u00e7a pol\u00edtica e religiosa<\/p>\n<p>Nascido em Kfar Fila, L\u00edbano, em 1953, Qassem formou-se em qu\u00edmica pela Universidade Libanesa, mas rapidamente dedicou-se ao radicalismo religioso e pol\u00edtica. Iniciou sua carreira no movimento xiita Amal, sob a lideran\u00e7a do cl\u00e9rigo Musa al-Sadr, antes de integrar o grupo Hezbollah, onde se consolidou como um dos membros fundadores e de confian\u00e7a de Nasrallah.\n<\/p>\n<p>Desde ent\u00e3o, Qassem tornou-se uma das principais vozes da organiza\u00e7\u00e3o, atuando como porta-voz e estrategista para assuntos de pol\u00edtica regional. Durante sua trajet\u00f3ria, publicou obras, como\u00a0<em>Hezbollah: The Story from Within<\/em>, defendendo a resist\u00eancia armada e a autonomia do grupo. Em 2011, ele rejeitou uma oferta financeira bilion\u00e1ria para desarmar o Hezbollah, afirmando: \u201cA resist\u00eancia continuar\u00e1, independentemente das consequ\u00eancias\u201d.\n<\/p>\n<p>Relatos indicam que, ap\u00f3s a morte de Nasrallah em um bombardeio da For\u00e7a de Defesa de Israel a um quartel-general do Hezbollah, Qassem deixou o L\u00edbano e foi para o Ir\u00e3 em 5 de outubro, temendo ser o pr\u00f3ximo alvo israelense. A viagem foi feita a bordo de um voo oficial do ministro das Rela\u00e7\u00f5es Exteriores iraniano, Abbas Araghchi. Desde ent\u00e3o, Qassem estaria residindo em Teer\u00e3, o que refor\u00e7a o alinhamento estreito entre o Hezbollah e o governo iraniano, principal aliado do grupo.\n<\/p>\n<p>A escolha de Qassem como l\u00edder do Hezbollah sinaliza a continuidade da linha de a\u00e7\u00e3o e da estrutura de lideran\u00e7a estabelecida por Nasrallah. A resposta de Israel veio quase que imediatamente ap\u00f3s a confirma\u00e7\u00e3o da nomea\u00e7\u00e3o: sirenes de alerta soaram no norte do pa\u00eds, indicando lan\u00e7amentos de foguetes e o aumento da tens\u00e3o na fronteira.\n<\/p>\n<p>Com a morte de Hashem Safieddine, que tamb\u00e9m era apontado como potencial sucessor de Nasrallah, a lideran\u00e7a de Qassem pode ser um elemento estabilizador para o Hezbollah em um momento cr\u00edtico, j\u00e1 que o grupo terrorista busca manter sua posi\u00e7\u00e3o como uma for\u00e7a pol\u00edtica e militar na regi\u00e3o.<\/p>\n<p>Fonte: O antagonista              <\/p>\n<\/div>\n<p><br \/>\n<br \/><a href=\"https:\/\/diariodobrasilnoticias.com.br\/noticia\/veja-quem-e-o-novo-lider-do-hezbollah-6720c2155568c\">Source link <\/a><\/p>","protected":false},"excerpt":{"rendered":"<p>O Hezbollah anunciou, nesta ter\u00e7a-feira, 29, que o xeique Naim Qassem assumiu oficialmente o cargo de secret\u00e1rio-geral da organiza\u00e7\u00e3o, ap\u00f3s a morte do ex-l\u00edder Hassan Nasrallah em um ataque israelense&hellip;<\/p>","protected":false},"author":1,"featured_media":52949,"comment_status":"closed","ping_status":"open","sticky":false,"template":"","format":"standard","meta":{"content-type":"","footnotes":""},"categories":[16],"tags":[123,2448,5313,1267],"class_list":["post-52948","post","type-post","status-publish","format-standard","has-post-thumbnail","hentry","category-noticias","tag-brasil","tag-diario","tag-noticia","tag-noticias"],"_links":{"self":[{"href":"https:\/\/tvbrazilusa.com\/pt\/wp-json\/wp\/v2\/posts\/52948","targetHints":{"allow":["GET"]}}],"collection":[{"href":"https:\/\/tvbrazilusa.com\/pt\/wp-json\/wp\/v2\/posts"}],"about":[{"href":"https:\/\/tvbrazilusa.com\/pt\/wp-json\/wp\/v2\/types\/post"}],"author":[{"embeddable":true,"href":"https:\/\/tvbrazilusa.com\/pt\/wp-json\/wp\/v2\/users\/1"}],"replies":[{"embeddable":true,"href":"https:\/\/tvbrazilusa.com\/pt\/wp-json\/wp\/v2\/comments?post=52948"}],"version-history":[{"count":1,"href":"https:\/\/tvbrazilusa.com\/pt\/wp-json\/wp\/v2\/posts\/52948\/revisions"}],"predecessor-version":[{"id":52950,"href":"https:\/\/tvbrazilusa.com\/pt\/wp-json\/wp\/v2\/posts\/52948\/revisions\/52950"}],"wp:featuredmedia":[{"embeddable":true,"href":"https:\/\/tvbrazilusa.com\/pt\/wp-json\/wp\/v2\/media\/52949"}],"wp:attachment":[{"href":"https:\/\/tvbrazilusa.com\/pt\/wp-json\/wp\/v2\/media?parent=52948"}],"wp:term":[{"taxonomy":"category","embeddable":true,"href":"https:\/\/tvbrazilusa.com\/pt\/wp-json\/wp\/v2\/categories?post=52948"},{"taxonomy":"post_tag","embeddable":true,"href":"https:\/\/tvbrazilusa.com\/pt\/wp-json\/wp\/v2\/tags?post=52948"}],"curies":[{"name":"wp","href":"https:\/\/api.w.org\/{rel}","templated":true}]}}