{"id":52954,"date":"2024-10-29T13:43:39","date_gmt":"2024-10-29T13:43:39","guid":{"rendered":"https:\/\/tvbrazilusa.com\/2024\/10\/29\/bicheiro-rogerio-andrade-e-preso-no-rio-por-mandar-matar-rival\/"},"modified":"2024-10-29T13:43:40","modified_gmt":"2024-10-29T13:43:40","slug":"bicheiro-rogerio-andrade-e-preso-no-rio-por-mandar-matar-rival","status":"publish","type":"post","link":"https:\/\/tvbrazilusa.com\/pt\/2024\/10\/29\/bicheiro-rogerio-andrade-e-preso-no-rio-por-mandar-matar-rival\/","title":{"rendered":"Bicheiro Rog\u00e9rio Andrade \u00e9 preso no Rio por mandar matar rival"},"content":{"rendered":"<p> <script async src=\"https:\/\/pagead2.googlesyndication.com\/pagead\/js\/adsbygoogle.js?client=ca-pub-8864793242727901\"\r\n     crossorigin=\"anonymous\"><\/script><br \/>\n<\/p>\n<div id=\"taboola-read-more\" style=\"display:block; width:100%\">\n<p>O Minist\u00e9rio P\u00fablico do Rio de Janeiro (MPRJ) prendeu nesta ter\u00e7a-feira (29) o contraventor Rog\u00e9rio Andrade, acusado de mandar matar o rival Fernando Iggn\u00e1cio, segundo uma nova den\u00fancia do Grupo de Atua\u00e7\u00e3o Especial de Combate ao Crime Organizado (Gaeco\/MPRJ).\n<\/p>\n<p>A pris\u00e3o de Andrade ocorreu em sua resid\u00eancia, localizada em um condom\u00ednio de luxo na Barra da Tijuca, enquanto Gilmar Eneas Lisboa, tamb\u00e9m detido, foi encontrado em Duque de Caxias. Os mandados de pris\u00e3o foram expedidos pela 1\u00aa Vara Criminal do Tribunal do J\u00fari.<\/p>\n<p>Iggn\u00e1cio, que era genro e herdeiro do contraventor Castor de Andrade, foi executado em uma emboscada no Recreio dos Bandeirantes no dia 10 de novembro de 2020. Ele havia acabado de desembarcar de um helic\u00f3ptero vindo de Angra dos Reis, na Costa Verde, e foi atingido por tiros de fuzil 556 ao caminhar em dire\u00e7\u00e3o ao carro. Ap\u00f3s a morte de Castor de Andrade em 1997, Iggn\u00e1cio assumiu o controle do imp\u00e9rio do jogo do bicho, ampliando os neg\u00f3cios com a inclus\u00e3o de m\u00e1quinas de ca\u00e7a-n\u00edqueis.\n<\/p>\n<p>Rog\u00e9rio Andrade, sobrinho de Castor, tinha uma rela\u00e7\u00e3o conflituosa com o parente. Em mar\u00e7o de 2021, o MPRJ denunciou Andrade pelo homic\u00eddio de Iggn\u00e1cio, mas, em fevereiro de 2022, a Segunda Turma do Supremo Tribunal Federal (STF) trancou a a\u00e7\u00e3o penal contra ele, alegando aus\u00eancia de provas suficientes para comprovar seu envolvimento como mandante do crime.\n<\/p>\n<p>Segundo o MPRJ, em um novo procedimento investigat\u00f3rio criminal, o Gaeco identificou uma s\u00e9rie de execu\u00e7\u00f5es relacionadas \u00e0 disputa entre Fernando Iggn\u00e1cio e Rog\u00e9rio de Andrade.\n<\/p>\n<p>O \u00f3rg\u00e3o apontou ainda o envolvimento de Gilmar Eneas Lisboa no homic\u00eddio de Iggn\u00e1cio, atribuindo a ele a responsabilidade de monitorar a v\u00edtima at\u00e9 o momento do crime.<\/p>\n<p>Fonte: Gazeta Brasil              <\/p>\n<\/div>\n<p><br \/>\n<br \/><a href=\"https:\/\/diariodobrasilnoticias.com.br\/noticia\/bicheiro-rogerio-andrade-e-preso-no-rio-por-mandar-matar-rival-6720c2f753678\">Source link <\/a><\/p>","protected":false},"excerpt":{"rendered":"<p>O Minist\u00e9rio P\u00fablico do Rio de Janeiro (MPRJ) prendeu nesta ter\u00e7a-feira (29) o contraventor Rog\u00e9rio Andrade, acusado de mandar matar o rival Fernando Iggn\u00e1cio, segundo uma nova den\u00fancia do Grupo&hellip;<\/p>","protected":false},"author":1,"featured_media":52955,"comment_status":"closed","ping_status":"open","sticky":false,"template":"","format":"standard","meta":{"content-type":"","footnotes":""},"categories":[16],"tags":[123,2448,5313,1267],"class_list":["post-52954","post","type-post","status-publish","format-standard","has-post-thumbnail","hentry","category-noticias","tag-brasil","tag-diario","tag-noticia","tag-noticias"],"_links":{"self":[{"href":"https:\/\/tvbrazilusa.com\/pt\/wp-json\/wp\/v2\/posts\/52954","targetHints":{"allow":["GET"]}}],"collection":[{"href":"https:\/\/tvbrazilusa.com\/pt\/wp-json\/wp\/v2\/posts"}],"about":[{"href":"https:\/\/tvbrazilusa.com\/pt\/wp-json\/wp\/v2\/types\/post"}],"author":[{"embeddable":true,"href":"https:\/\/tvbrazilusa.com\/pt\/wp-json\/wp\/v2\/users\/1"}],"replies":[{"embeddable":true,"href":"https:\/\/tvbrazilusa.com\/pt\/wp-json\/wp\/v2\/comments?post=52954"}],"version-history":[{"count":1,"href":"https:\/\/tvbrazilusa.com\/pt\/wp-json\/wp\/v2\/posts\/52954\/revisions"}],"predecessor-version":[{"id":52956,"href":"https:\/\/tvbrazilusa.com\/pt\/wp-json\/wp\/v2\/posts\/52954\/revisions\/52956"}],"wp:featuredmedia":[{"embeddable":true,"href":"https:\/\/tvbrazilusa.com\/pt\/wp-json\/wp\/v2\/media\/52955"}],"wp:attachment":[{"href":"https:\/\/tvbrazilusa.com\/pt\/wp-json\/wp\/v2\/media?parent=52954"}],"wp:term":[{"taxonomy":"category","embeddable":true,"href":"https:\/\/tvbrazilusa.com\/pt\/wp-json\/wp\/v2\/categories?post=52954"},{"taxonomy":"post_tag","embeddable":true,"href":"https:\/\/tvbrazilusa.com\/pt\/wp-json\/wp\/v2\/tags?post=52954"}],"curies":[{"name":"wp","href":"https:\/\/api.w.org\/{rel}","templated":true}]}}