{"id":52970,"date":"2024-10-29T14:35:02","date_gmt":"2024-10-29T14:35:02","guid":{"rendered":"https:\/\/tvbrazilusa.com\/2024\/10\/29\/bolsonaro-diz-que-o-pt-morreu-ja-desceram-o-caixao\/"},"modified":"2024-10-29T14:35:03","modified_gmt":"2024-10-29T14:35:03","slug":"bolsonaro-diz-que-o-pt-morreu-ja-desceram-o-caixao","status":"publish","type":"post","link":"https:\/\/tvbrazilusa.com\/pt\/2024\/10\/29\/bolsonaro-diz-que-o-pt-morreu-ja-desceram-o-caixao\/","title":{"rendered":"Bolsonaro diz que &#8216;o PT morreu. J\u00e1 desceram o caix\u00e3o&#8217;"},"content":{"rendered":"<p> <script async src=\"https:\/\/pagead2.googlesyndication.com\/pagead\/js\/adsbygoogle.js?client=ca-pub-8864793242727901\"\r\n     crossorigin=\"anonymous\"><\/script><br \/>\n<\/p>\n<div id=\"taboola-read-more\" style=\"display:block; width:100%\">\n<p>Em entrevista \u00e0 CNN Brasil, o ex-presidente Jair Bolsonaro diz que o PT morreu ap\u00f3s as elei\u00e7\u00f5es municipais de 2024. A sigla elegeu 252 prefeitos e conseguiu conquistar apenas uma capital: Fortaleza. Isso mesmo tendo a m\u00e1quina federal na m\u00e3o.\n<\/p>\n<p>\u201cEm S\u00e3o Paulo, foi muito bom [o desempenho do PL]. A vit\u00f3ria foi do povo conservador, da direita, do povo de bem. Eu estou feliz! Cada vez mais a popula\u00e7\u00e3o se afasta do mal, do vermelho, que aflige o mundo todo. O PT morreu. J\u00e1 desceram o caix\u00e3o. S\u00f3 falta jogar a terra na catacumba\u201d, declarou o ex-presidente da Rep\u00fablica.<\/p>\n<p>Apesar de ter perdido em Fortaleza e em Belo Horizonte, Jair Bolsonaro negou que esse desempenho tenha ficado aqu\u00e9m do esperado pelo PL. \u201cEm Fortaleza, tivemos um jovem que arrastou multid\u00e3o, lutando contra a m\u00e1quina. A capital est\u00e1 totalmente dividida. Foi uma derrota com sabor de vit\u00f3ria, porque a diferen\u00e7a foi pouca\u201d, disse Bolsonaro.\n<\/p>\n<p>Como mostramos, a Executiva Nacional do PT entrou em curto-circuito ap\u00f3s as elei\u00e7\u00f5es municipais. A presidente do partido, Gleisi Hoffmann, criticou o ministro de Rela\u00e7\u00f5es Institucionais, Alexandre Padilha, ap\u00f3s o auxiliar de Lula ter admitido publicamente que o partido precisa de uma \u201can\u00e1lise aprofundada\u201d ap\u00f3s o resultado das elei\u00e7\u00f5es de 2024.\n<\/p>\n<p>Para Gleisi, Padilha deveria gastar energia nas \u201carticula\u00e7\u00f5es pol\u00edticas do governo\u201d. \u201cTemos de refrescar a mem\u00f3ria do ministro Padilha, o que aconteceu conosco desde 2016 e a base de centro e direita do Congresso que se reproduz nas elei\u00e7\u00f5es municipais, que ele bem conhece\u201d, declarou a petista pelas redes sociais.\n<\/p>\n<p>Mais cedo, em coletiva Padilha declarou que a sigla comandada por Gleisi chegou ao \u201cZ4 das elei\u00e7\u00f5es municipais\u201d em refer\u00eancia \u00e0s prefeituras conquistadas pelo partido em 2024.\n<\/p>\n<p>\u201cO PT, desde 2016, entrou no fim da tabela do Z4 das elei\u00e7\u00f5es municipais. O PT tem um debate a fazer com o segmento dos trabalhadores, sobretudo os que ganham de 2 a 10 sal\u00e1rios m\u00ednimos, que por algum motivo n\u00e3o se sentem representados\u201d, declarou Padilha em entrevista coletiva nesta segunda-feira, 28.<\/p>\n<p>Fonte: O antagonista              <\/p>\n<\/div>\n<p><br \/>\n<br \/><a href=\"https:\/\/diariodobrasilnoticias.com.br\/noticia\/bolsonaro-diz-que-o-pt-morreu-ja-desceram-o-caixao-6720c3b750645\">Source link <\/a><\/p>","protected":false},"excerpt":{"rendered":"<p>Em entrevista \u00e0 CNN Brasil, o ex-presidente Jair Bolsonaro diz que o PT morreu ap\u00f3s as elei\u00e7\u00f5es municipais de 2024. A sigla elegeu 252 prefeitos e conseguiu conquistar apenas uma&hellip;<\/p>","protected":false},"author":1,"featured_media":52971,"comment_status":"closed","ping_status":"open","sticky":false,"template":"","format":"standard","meta":{"content-type":"","footnotes":""},"categories":[16],"tags":[123,2448,5313,1267],"class_list":["post-52970","post","type-post","status-publish","format-standard","has-post-thumbnail","hentry","category-noticias","tag-brasil","tag-diario","tag-noticia","tag-noticias"],"_links":{"self":[{"href":"https:\/\/tvbrazilusa.com\/pt\/wp-json\/wp\/v2\/posts\/52970","targetHints":{"allow":["GET"]}}],"collection":[{"href":"https:\/\/tvbrazilusa.com\/pt\/wp-json\/wp\/v2\/posts"}],"about":[{"href":"https:\/\/tvbrazilusa.com\/pt\/wp-json\/wp\/v2\/types\/post"}],"author":[{"embeddable":true,"href":"https:\/\/tvbrazilusa.com\/pt\/wp-json\/wp\/v2\/users\/1"}],"replies":[{"embeddable":true,"href":"https:\/\/tvbrazilusa.com\/pt\/wp-json\/wp\/v2\/comments?post=52970"}],"version-history":[{"count":1,"href":"https:\/\/tvbrazilusa.com\/pt\/wp-json\/wp\/v2\/posts\/52970\/revisions"}],"predecessor-version":[{"id":52972,"href":"https:\/\/tvbrazilusa.com\/pt\/wp-json\/wp\/v2\/posts\/52970\/revisions\/52972"}],"wp:featuredmedia":[{"embeddable":true,"href":"https:\/\/tvbrazilusa.com\/pt\/wp-json\/wp\/v2\/media\/52971"}],"wp:attachment":[{"href":"https:\/\/tvbrazilusa.com\/pt\/wp-json\/wp\/v2\/media?parent=52970"}],"wp:term":[{"taxonomy":"category","embeddable":true,"href":"https:\/\/tvbrazilusa.com\/pt\/wp-json\/wp\/v2\/categories?post=52970"},{"taxonomy":"post_tag","embeddable":true,"href":"https:\/\/tvbrazilusa.com\/pt\/wp-json\/wp\/v2\/tags?post=52970"}],"curies":[{"name":"wp","href":"https:\/\/api.w.org\/{rel}","templated":true}]}}