{"id":52982,"date":"2024-10-29T15:18:06","date_gmt":"2024-10-29T15:18:06","guid":{"rendered":"https:\/\/tvbrazilusa.com\/2024\/10\/29\/fisiculturista-morre-nove-dias-apos-completar-35-anos\/"},"modified":"2024-10-29T15:18:07","modified_gmt":"2024-10-29T15:18:07","slug":"fisiculturista-morre-nove-dias-apos-completar-35-anos","status":"publish","type":"post","link":"https:\/\/tvbrazilusa.com\/pt\/2024\/10\/29\/fisiculturista-morre-nove-dias-apos-completar-35-anos\/","title":{"rendered":"Fisiculturista morre nove dias ap\u00f3s completar 35 anos"},"content":{"rendered":"<p> <script async src=\"https:\/\/pagead2.googlesyndication.com\/pagead\/js\/adsbygoogle.js?client=ca-pub-8864793242727901\"\r\n     crossorigin=\"anonymous\"><\/script><br \/>\n<\/p>\n<div id=\"taboola-read-more\" style=\"display:block; width:100%\">\n<p>A fisiculturista panamenha Johanna P\u00e9rez morreu na \u00faltima quarta-feira (23), aos 35 anos.\n<\/p>\n<p>A morte foi divulgada no Instagram de Johanna nesta segunda-feira (28). A causa n\u00e3o foi revelada.<\/p>\n<p>&#8220;Johanna P\u00e9rez encontrou a paz eterna. A sua bondade e alegria transcendem, tocando nossos cora\u00e7\u00f5es.&#8221;\n<\/p>\n<p>Johanna morreu nove dias ap\u00f3s completar 35 anos. Ela compartilhou uma foto festejando o seu anivers\u00e1rio no dia 14 de outubro.\n<\/p>\n<p>Uma missa em homenagem \u00e0 fisiculturista foi realizada nesta segunda-feira. Os familiares pediram que os convidados fossem com roupas coloridas para simbolizar o &#8220;esp\u00edrito vibrante&#8221; de Johanna.\n<\/p>\n<p>Johanna tinha uma conta no Instagram com mais de 46 mil seguidores. Ela compartilhava conte\u00fados nutricionais e sua rotina de treinos e competi\u00e7\u00f5es.\n<\/p>\n<p>Com informa\u00e7\u00f5es de UOL              <\/p>\n<\/div>\n<p><br \/>\n<br \/><a href=\"https:\/\/diariodobrasilnoticias.com.br\/noticia\/fisiculturista-morre-nove-dias-apos-completar-35-anos-6720dbe010def\">Source link <\/a><\/p>","protected":false},"excerpt":{"rendered":"<p>A fisiculturista panamenha Johanna P\u00e9rez morreu na \u00faltima quarta-feira (23), aos 35 anos. A morte foi divulgada no Instagram de Johanna nesta segunda-feira (28). A causa n\u00e3o foi revelada. &#8220;Johanna&hellip;<\/p>","protected":false},"author":1,"featured_media":52983,"comment_status":"closed","ping_status":"open","sticky":false,"template":"","format":"standard","meta":{"content-type":"","footnotes":""},"categories":[16],"tags":[123,2448,5313,1267],"class_list":["post-52982","post","type-post","status-publish","format-standard","has-post-thumbnail","hentry","category-noticias","tag-brasil","tag-diario","tag-noticia","tag-noticias"],"_links":{"self":[{"href":"https:\/\/tvbrazilusa.com\/pt\/wp-json\/wp\/v2\/posts\/52982","targetHints":{"allow":["GET"]}}],"collection":[{"href":"https:\/\/tvbrazilusa.com\/pt\/wp-json\/wp\/v2\/posts"}],"about":[{"href":"https:\/\/tvbrazilusa.com\/pt\/wp-json\/wp\/v2\/types\/post"}],"author":[{"embeddable":true,"href":"https:\/\/tvbrazilusa.com\/pt\/wp-json\/wp\/v2\/users\/1"}],"replies":[{"embeddable":true,"href":"https:\/\/tvbrazilusa.com\/pt\/wp-json\/wp\/v2\/comments?post=52982"}],"version-history":[{"count":1,"href":"https:\/\/tvbrazilusa.com\/pt\/wp-json\/wp\/v2\/posts\/52982\/revisions"}],"predecessor-version":[{"id":52984,"href":"https:\/\/tvbrazilusa.com\/pt\/wp-json\/wp\/v2\/posts\/52982\/revisions\/52984"}],"wp:featuredmedia":[{"embeddable":true,"href":"https:\/\/tvbrazilusa.com\/pt\/wp-json\/wp\/v2\/media\/52983"}],"wp:attachment":[{"href":"https:\/\/tvbrazilusa.com\/pt\/wp-json\/wp\/v2\/media?parent=52982"}],"wp:term":[{"taxonomy":"category","embeddable":true,"href":"https:\/\/tvbrazilusa.com\/pt\/wp-json\/wp\/v2\/categories?post=52982"},{"taxonomy":"post_tag","embeddable":true,"href":"https:\/\/tvbrazilusa.com\/pt\/wp-json\/wp\/v2\/tags?post=52982"}],"curies":[{"name":"wp","href":"https:\/\/api.w.org\/{rel}","templated":true}]}}