{"id":53000,"date":"2024-10-29T15:49:29","date_gmt":"2024-10-29T15:49:29","guid":{"rendered":"https:\/\/tvbrazilusa.com\/2024\/10\/29\/policia-mata-homem-que-ameaca-familia-com-faca-de-manteiga-jacksonville-hoje\/"},"modified":"2024-10-29T16:03:30","modified_gmt":"2024-10-29T16:03:30","slug":"policia-mata-homem-que-ameaca-familia-com-faca-de-manteiga-jacksonville-hoje","status":"publish","type":"post","link":"https:\/\/tvbrazilusa.com\/pt\/2024\/10\/29\/policia-mata-homem-que-ameaca-familia-com-faca-de-manteiga-jacksonville-hoje\/","title":{"rendered":"Pol\u00edcia mata homem que amea\u00e7a fam\u00edlia com faca de manteiga | Jacksonville hoje"},"content":{"rendered":"<p> <script async src=\"https:\/\/pagead2.googlesyndication.com\/pagead\/js\/adsbygoogle.js?client=ca-pub-8864793242727901\"\r\n     crossorigin=\"anonymous\"><\/script><br \/>\n<\/p>\n<div>\n<p>Um homem armado com uma faca de manteiga foi baleado e morto na noite de segunda-feira depois que policiais responderam a um roubo de carro na Eaverson Street, de acordo com o Gabinete do Xerife de Jacksonville.<\/p>\n<p>Os policiais foram chamados ao noroeste de Jacksonville \u00e0s 20h40, depois que uma mulher relatou que seu carro havia sido roubado, disse a pol\u00edcia. <\/p>\n<p>Enquanto a pol\u00edcia entrevistava a v\u00edtima e sua fam\u00edlia, um homem que n\u00e3o tinha nada a ver com o roubo do carro come\u00e7ou a assedi\u00e1-los. O homem \u2013 mais tarde identificado como Djuan Jackson, 54 \u2013 apontou uma faca para a fam\u00edlia e fez movimentos de esfaqueamento, disse a pol\u00edcia.<\/p>\n<p>Dois policiais o viram fazer isso e atiraram nele v\u00e1rias vezes. Ele morreu no local.<\/p>\n<p><a href=\"https:\/\/www.jaxsheriff.org\/\" rel=\"nofollow noopener\" target=\"_blank\">Xerife TK Waters<\/a> disse que o incidente se desenrolou rapidamente.<\/p>\n<p>\u201cVoc\u00ea pode ouvir algu\u00e9m gritando: &#8216;Ele est\u00e1 com uma faca&#8217;\u201d, disse Waters. \u201cOs policiais viram o movimento de esfaqueamento; pensaram que a v\u00edtima havia sido esfaqueada diversas vezes por causa dos movimentos.<\/p>\n<p>\u201c\u00c9 uma pena que tenha funcionado da maneira que aconteceu. Voc\u00ea n\u00e3o quer que isso aconte\u00e7a em nenhuma circunst\u00e2ncia, mas quando os policiais veem esse tipo de coisa acontecendo, eles precisam agir em algum momento.\u201d<\/p>\n<p>Os investigadores descobriram que o homem segurava uma faca de manteiga depois de lhe prestarem os primeiros socorros, disse a pol\u00edcia.<\/p>\n<p>Dois policiais estavam envolvidos. Eles foram identificados como o oficial J. Montgomery, de dois anos, e o veterano de cinco anos, JC Rose.<\/p>\n<p>Foi o primeiro policial a atirar em ambos, disse a pol\u00edcia. Foi o sexto tiroteio <a href=\"https:\/\/jaxtoday.org\/2024\/10\/18\/police-shooting-bodycam\/\">envolvendo policiais<\/a> este ano.<\/p>\n<\/div>\n<p><br \/>\n<br \/><a href=\"https:\/\/jaxtoday.org\/2024\/10\/29\/police-shooting-butter-knife\/\">Source link <\/a><\/p>","protected":false},"excerpt":{"rendered":"<p>Um homem armado com uma faca de manteiga foi baleado e morto na noite de segunda-feira depois que policiais responderam a um roubo de carro na Eaverson Street, de acordo&hellip;<\/p>","protected":false},"author":1,"featured_media":53001,"comment_status":"closed","ping_status":"open","sticky":false,"template":"","format":"standard","meta":{"content-type":"","footnotes":""},"categories":[1],"tags":[],"class_list":["post-53000","post","type-post","status-publish","format-standard","has-post-thumbnail","hentry","category-uncategorized"],"_links":{"self":[{"href":"https:\/\/tvbrazilusa.com\/pt\/wp-json\/wp\/v2\/posts\/53000","targetHints":{"allow":["GET"]}}],"collection":[{"href":"https:\/\/tvbrazilusa.com\/pt\/wp-json\/wp\/v2\/posts"}],"about":[{"href":"https:\/\/tvbrazilusa.com\/pt\/wp-json\/wp\/v2\/types\/post"}],"author":[{"embeddable":true,"href":"https:\/\/tvbrazilusa.com\/pt\/wp-json\/wp\/v2\/users\/1"}],"replies":[{"embeddable":true,"href":"https:\/\/tvbrazilusa.com\/pt\/wp-json\/wp\/v2\/comments?post=53000"}],"version-history":[{"count":1,"href":"https:\/\/tvbrazilusa.com\/pt\/wp-json\/wp\/v2\/posts\/53000\/revisions"}],"predecessor-version":[{"id":53002,"href":"https:\/\/tvbrazilusa.com\/pt\/wp-json\/wp\/v2\/posts\/53000\/revisions\/53002"}],"wp:featuredmedia":[{"embeddable":true,"href":"https:\/\/tvbrazilusa.com\/pt\/wp-json\/wp\/v2\/media\/53001"}],"wp:attachment":[{"href":"https:\/\/tvbrazilusa.com\/pt\/wp-json\/wp\/v2\/media?parent=53000"}],"wp:term":[{"taxonomy":"category","embeddable":true,"href":"https:\/\/tvbrazilusa.com\/pt\/wp-json\/wp\/v2\/categories?post=53000"},{"taxonomy":"post_tag","embeddable":true,"href":"https:\/\/tvbrazilusa.com\/pt\/wp-json\/wp\/v2\/tags?post=53000"}],"curies":[{"name":"wp","href":"https:\/\/api.w.org\/{rel}","templated":true}]}}