{"id":53076,"date":"2024-10-29T20:39:26","date_gmt":"2024-10-29T20:39:26","guid":{"rendered":"https:\/\/tvbrazilusa.com\/2024\/10\/29\/o-ministro-da-defesa-de-israel-afirma-que-a-nomeacao-do-novo-chefe-do-hezbollah-e-temporaria\/"},"modified":"2024-10-29T20:39:27","modified_gmt":"2024-10-29T20:39:27","slug":"o-ministro-da-defesa-de-israel-afirma-que-a-nomeacao-do-novo-chefe-do-hezbollah-e-temporaria","status":"publish","type":"post","link":"https:\/\/tvbrazilusa.com\/pt\/2024\/10\/29\/o-ministro-da-defesa-de-israel-afirma-que-a-nomeacao-do-novo-chefe-do-hezbollah-e-temporaria\/","title":{"rendered":"O ministro da Defesa de Israel afirma que a nomea\u00e7\u00e3o do novo chefe do Hezbollah \u00e9 &#8216;tempor\u00e1ria&#8217;"},"content":{"rendered":"<p> <script async src=\"https:\/\/pagead2.googlesyndication.com\/pagead\/js\/adsbygoogle.js?client=ca-pub-8864793242727901\"\r\n     crossorigin=\"anonymous\"><\/script><br \/>\n<\/p>\n<div id=\"taboola-read-more\" style=\"display:block; width:100%\">\n<p>O ministro da Defesa de Israel, Yoav Gallant, reagiu nesta ter\u00e7a-feira (29) \u00e0 nomea\u00e7\u00e3o do novo secret\u00e1rio-geral do Hezbollah, Naim Qassem, com uma breve mensagem na rede social X: \u201cnomea\u00e7\u00e3o tempor\u00e1ria. N\u00e3o por muito tempo&#8221;, afirmou.\n<\/p>\n<p>A mensagem acompanha uma fotografia de Qassem, at\u00e9 agora n\u00famero dois da organiza\u00e7\u00e3o terrorista libanesa e que foi proclamado nesta ter\u00e7a-feira sucessor do cl\u00e9rigo Hassan Nasrallah, morto em um ataque surpresa de Israel no \u00faltimo dia 27 de setembro.<\/p>\n<p>Qassem, cuja localiza\u00e7\u00e3o \u00e9 desconhecida, foi nomeado vice-l\u00edder do Hezbollah em 1991, quando Nasrallah ainda n\u00e3o era o secret\u00e1rio-geral do grupo.\n<\/p>\n<p>O novo l\u00edder do Hezbollah tem sido considerado um dos principais porta-vozes do grupo xiita e a figura de mais alto n\u00edvel que j\u00e1 deu entrevistas \u00e0 imprensa estrangeira.\n<\/p>\n<p>Sua nomea\u00e7\u00e3o \u00e9 divulgada depois de, na semana passada, o Hezbollah ter confirmado a morte de Hashem Safi al Din, chefe do Conselho Executivo da forma\u00e7\u00e3o armada e considerado um dos principais candidatos \u00e0 sucess\u00e3o de Nasrallah, tamb\u00e9m em um ataque israelense.\n<\/p>\n<p>Mais de um ano ap\u00f3s o in\u00edcio do fogo cruzado com a mil\u00edcia (que come\u00e7ou a lan\u00e7ar foguetes e drones contra o norte do pa\u00eds um dia depois dos ataques do Hamas em 7 de outubro), Israel iniciou h\u00e1 um m\u00eas uma intensa campanha de ataque no sul e leste do L\u00edbano, e nos sub\u00farbios ao sul de Beirute, um reduto do Hezbollah conhecido como Dahye.\n<\/p>\n<p>Os ataques resultaram na elimina\u00e7\u00e3o da lideran\u00e7a do grupo terrorista xiita, considerado o sat\u00e9lite mais poderoso do Ir\u00e3, al\u00e9m de centenas de membros da mil\u00edcia, que tem como um dos objetivos a destrui\u00e7\u00e3o de Israel.\n<\/p>\n<p>O porta-voz internacional do Ex\u00e9rcito israelense, Nadav Shoshani, tamb\u00e9m enviou uma mensagem a Qassem, recordando a morte nesta manh\u00e3 de um jovem de 24 anos no norte de Israel ap\u00f3s o lan\u00e7amento de uma barragem de foguetes procedentes do L\u00edbano contra a regi\u00e3o da Galil\u00e9ia.\n<\/p>\n<p>\u201cEm seu primeiro dia como l\u00edder do Hezbollah, Naim Qassem j\u00e1 \u00e9 respons\u00e1vel pela morte de um civil inocente\u201d, disse Shoshani em sua conta no X.\n<\/p>\n<p>Desde o in\u00edcio da escalada da guerra de Israel contra o Hezbollah, pelo menos sete civis foram mortos no norte de Israel por ataques do grupo terrorista.\n<\/p>\n<p>Fonte: Gazeta do Povo              <\/p>\n<\/div>\n<p><br \/>\n<br \/><a href=\"https:\/\/diariodobrasilnoticias.com.br\/noticia\/o-ministro-da-defesa-de-israel-afirma-que-a-nomeacao-do-novo-chefe-do-hezbollah-e-temporaria-67212700b02bb\">Source link <\/a><\/p>","protected":false},"excerpt":{"rendered":"<p>O ministro da Defesa de Israel, Yoav Gallant, reagiu nesta ter\u00e7a-feira (29) \u00e0 nomea\u00e7\u00e3o do novo secret\u00e1rio-geral do Hezbollah, Naim Qassem, com uma breve mensagem na rede social X: \u201cnomea\u00e7\u00e3o&hellip;<\/p>","protected":false},"author":1,"featured_media":53077,"comment_status":"closed","ping_status":"open","sticky":false,"template":"","format":"standard","meta":{"content-type":"","footnotes":""},"categories":[16],"tags":[123,2448,5313,1267],"class_list":["post-53076","post","type-post","status-publish","format-standard","has-post-thumbnail","hentry","category-noticias","tag-brasil","tag-diario","tag-noticia","tag-noticias"],"_links":{"self":[{"href":"https:\/\/tvbrazilusa.com\/pt\/wp-json\/wp\/v2\/posts\/53076","targetHints":{"allow":["GET"]}}],"collection":[{"href":"https:\/\/tvbrazilusa.com\/pt\/wp-json\/wp\/v2\/posts"}],"about":[{"href":"https:\/\/tvbrazilusa.com\/pt\/wp-json\/wp\/v2\/types\/post"}],"author":[{"embeddable":true,"href":"https:\/\/tvbrazilusa.com\/pt\/wp-json\/wp\/v2\/users\/1"}],"replies":[{"embeddable":true,"href":"https:\/\/tvbrazilusa.com\/pt\/wp-json\/wp\/v2\/comments?post=53076"}],"version-history":[{"count":1,"href":"https:\/\/tvbrazilusa.com\/pt\/wp-json\/wp\/v2\/posts\/53076\/revisions"}],"predecessor-version":[{"id":53078,"href":"https:\/\/tvbrazilusa.com\/pt\/wp-json\/wp\/v2\/posts\/53076\/revisions\/53078"}],"wp:featuredmedia":[{"embeddable":true,"href":"https:\/\/tvbrazilusa.com\/pt\/wp-json\/wp\/v2\/media\/53077"}],"wp:attachment":[{"href":"https:\/\/tvbrazilusa.com\/pt\/wp-json\/wp\/v2\/media?parent=53076"}],"wp:term":[{"taxonomy":"category","embeddable":true,"href":"https:\/\/tvbrazilusa.com\/pt\/wp-json\/wp\/v2\/categories?post=53076"},{"taxonomy":"post_tag","embeddable":true,"href":"https:\/\/tvbrazilusa.com\/pt\/wp-json\/wp\/v2\/tags?post=53076"}],"curies":[{"name":"wp","href":"https:\/\/api.w.org\/{rel}","templated":true}]}}