{"id":53082,"date":"2024-10-29T20:59:34","date_gmt":"2024-10-29T20:59:34","guid":{"rendered":"https:\/\/tvbrazilusa.com\/2024\/10\/29\/painel-discute-educacao-infantil-em-connecticut\/"},"modified":"2024-10-29T20:59:57","modified_gmt":"2024-10-29T20:59:57","slug":"painel-discute-educacao-infantil-em-connecticut","status":"publish","type":"post","link":"https:\/\/tvbrazilusa.com\/pt\/2024\/10\/29\/painel-discute-educacao-infantil-em-connecticut\/","title":{"rendered":"Painel discute educa\u00e7\u00e3o infantil em Connecticut"},"content":{"rendered":"<script async src=\"https:\/\/pagead2.googlesyndication.com\/pagead\/js\/adsbygoogle.js?client=ca-pub-8864793242727901\"\r\n     crossorigin=\"anonymous\"><\/script>\n<p>HARTFORD, Connecticut (WTNH) \u2013 Progresso est\u00e1 sendo feito na educa\u00e7\u00e3o infantil em Connecticut, mas \u00e9 necess\u00e1rio mais trabalho \u2013 especialmente quando se trata de melhorar o acesso para as fam\u00edlias.<\/p>\n<p>\u201cPrecisamos que as fam\u00edlias saibam o que estamos a fazer para que saibam onde aceder aos servi\u00e7os\u201d, disse a Comiss\u00e1ria da Primeira Inf\u00e2ncia, Beth Bye. &#8220;Podemos construir o melhor sistema, mas se eles n\u00e3o tiverem acesso a ele, n\u00e3o estaremos ajudando seus filhos e n\u00e3o os ajudando a ter sucesso.&#8221;<\/p>\n<p>Um painel de discuss\u00e3o na ter\u00e7a-feira mergulhou no assunto.<\/p>\n<p>Connecticut est\u00e1 obtendo notas altas nas \u00e1reas de Head Start, prepara\u00e7\u00e3o escolar e envolvimento familiar.<\/p>\n<p>&#8220;[We&#8217;re] um dos primeiros estados do pa\u00eds com ampla licen\u00e7a familiar remunerada e licen\u00e7a m\u00e9dica, para que uma m\u00e3e e um pai possam estar com seus filhos desde cedo\u201d, disse o governador Ned Lamont.<\/p>\n<p>Barbara Cooper, vice-presidente s\u00eanior de aprendizagem profissional da Start Early, disse que relacionamentos afetuosos s\u00e3o cruciais.<\/p>\n<p>\u201c\u00c9 a primeira coisa que os pais veem\u201d, disse ela. \u201c\u00c9 a primeira coisa que as crian\u00e7as veem.\u201d<\/p>\n<p>Mas ainda existem desafios e a culpa parece ser da COVID-19.<\/p>\n<p>\u201cA profici\u00eancia no boletim escolar do pa\u00eds caiu durante a COVID e n\u00e3o aumentou tanto quanto deveria\u201d, disse Ellen Galinsky, presidente do Instituto Fam\u00edlia e Trabalho.<\/p>\n<p><a href=\"https:\/\/www.ctoec.org\/blue-ribbon-panel\/\">Um estudo mostrou<\/a> que apenas 56% dos alunos com idades entre os 9 e os 19 anos estavam empenhados, ou algo empenhados, na aprendizagem. Isso caiu para 33% durante a pandemia.<\/p>\n<\/p>\n<\/p>\n<p><br \/>\n<br \/><a href=\"https:\/\/www.wtnh.com\/news\/connecticut\/panel-discusses-early-childhood-education-in-connecticut\/\">Source link <\/a><\/p>","protected":false},"excerpt":{"rendered":"<p>HARTFORD, Connecticut (WTNH) \u2013 Progresso est\u00e1 sendo feito na educa\u00e7\u00e3o infantil em Connecticut, mas \u00e9 necess\u00e1rio mais trabalho \u2013 especialmente quando se trata de melhorar o acesso para as fam\u00edlias.&hellip;<\/p>","protected":false},"author":1,"featured_media":28903,"comment_status":"closed","ping_status":"open","sticky":false,"template":"","format":"standard","meta":{"content-type":"","footnotes":""},"categories":[1],"tags":[],"class_list":["post-53082","post","type-post","status-publish","format-standard","has-post-thumbnail","hentry","category-uncategorized"],"_links":{"self":[{"href":"https:\/\/tvbrazilusa.com\/pt\/wp-json\/wp\/v2\/posts\/53082","targetHints":{"allow":["GET"]}}],"collection":[{"href":"https:\/\/tvbrazilusa.com\/pt\/wp-json\/wp\/v2\/posts"}],"about":[{"href":"https:\/\/tvbrazilusa.com\/pt\/wp-json\/wp\/v2\/types\/post"}],"author":[{"embeddable":true,"href":"https:\/\/tvbrazilusa.com\/pt\/wp-json\/wp\/v2\/users\/1"}],"replies":[{"embeddable":true,"href":"https:\/\/tvbrazilusa.com\/pt\/wp-json\/wp\/v2\/comments?post=53082"}],"version-history":[{"count":1,"href":"https:\/\/tvbrazilusa.com\/pt\/wp-json\/wp\/v2\/posts\/53082\/revisions"}],"predecessor-version":[{"id":53083,"href":"https:\/\/tvbrazilusa.com\/pt\/wp-json\/wp\/v2\/posts\/53082\/revisions\/53083"}],"wp:featuredmedia":[{"embeddable":true,"href":"https:\/\/tvbrazilusa.com\/pt\/wp-json\/wp\/v2\/media\/28903"}],"wp:attachment":[{"href":"https:\/\/tvbrazilusa.com\/pt\/wp-json\/wp\/v2\/media?parent=53082"}],"wp:term":[{"taxonomy":"category","embeddable":true,"href":"https:\/\/tvbrazilusa.com\/pt\/wp-json\/wp\/v2\/categories?post=53082"},{"taxonomy":"post_tag","embeddable":true,"href":"https:\/\/tvbrazilusa.com\/pt\/wp-json\/wp\/v2\/tags?post=53082"}],"curies":[{"name":"wp","href":"https:\/\/api.w.org\/{rel}","templated":true}]}}