{"id":53087,"date":"2024-10-29T21:17:04","date_gmt":"2024-10-29T21:17:04","guid":{"rendered":"https:\/\/tvbrazilusa.com\/2024\/10\/29\/voltamos-a-estaca-zero-diz-bia-kicis-sobre-projeto-da-anistia\/"},"modified":"2024-10-29T21:17:05","modified_gmt":"2024-10-29T21:17:05","slug":"voltamos-a-estaca-zero-diz-bia-kicis-sobre-projeto-da-anistia","status":"publish","type":"post","link":"https:\/\/tvbrazilusa.com\/pt\/2024\/10\/29\/voltamos-a-estaca-zero-diz-bia-kicis-sobre-projeto-da-anistia\/","title":{"rendered":"&#8216;Voltamos \u00e0 estaca zero&#8217;, diz Bia Kicis, sobre Projeto da Anistia"},"content":{"rendered":"<p> <script async src=\"https:\/\/pagead2.googlesyndication.com\/pagead\/js\/adsbygoogle.js?client=ca-pub-8864793242727901\"\r\n     crossorigin=\"anonymous\"><\/script><br \/>\n<\/p>\n<div id=\"taboola-read-more\" style=\"display:block; width:100%\">\n<p>A deputada federal Bia Kicis (PL-DF), l\u00edder da minoria na C\u00e2mara, expressou seu descontentamento com a decis\u00e3o do presidente da Casa, Arthur Lira, de retirar da pauta da Comiss\u00e3o de Constitui\u00e7\u00e3o e Justi\u00e7a (CCJ) o projeto de lei que concede anistia aos envolvidos nos atos do 8 de janeiro de 2023. Ele deu a declara\u00e7\u00e3o nesta ter\u00e7a-feira, 29, em entrevista \u00e0 CNN Brasil.\n<\/p>\n<p>\u201cEst\u00e1vamos preparados para votar hoje na CCJ, mas fui informada por Lira sobre a comiss\u00e3o especial\u201d, disse Bia Kicis. \u201cVoltamos \u00e0 estaca zero.\u201d A deputada destaca que, enquanto o projeto n\u00e3o for analisado, muitos enfrentam o que chama de \u201cpris\u00f5es ilegais\u201d.<\/p>\n<p>De acordo com a parlamentar, \u00e9 urgente acelerar os trabalhos da comiss\u00e3o. \u201cPrecisamos acelerar os trabalhos dessa comiss\u00e3o, pois o que ocorreu foi uma verdadeira bomba para todos que lutamos por esta anistia e entendemos a prem\u00eancia do assunto\u201d, salientou.\n<\/p>\n<p>A decis\u00e3o de Lira foi comunicada ao presidente do PL, Valdemar Costa Neto, em uma reuni\u00e3o privada na segunda-feira 28. O objetivo dessa movimenta\u00e7\u00e3o \u00e9 evitar tens\u00f5es em meio \u00e0 corrida pela presid\u00eancia da C\u00e2mara.\n<\/p>\n<p>Nesta ter\u00e7a-feira, Lira reafirmou seu apoio a Hugo Motta (Republicanos), que busca conquistar apoio tanto do PL quanto do PT para sua candidatura \u00e0 sucess\u00e3o.\n<\/p>\n<p>Presidente da CCJ da C\u00e2mara se manifesta, sobre anistia<br \/>A presidente da Comiss\u00e3o de Constitui\u00e7\u00e3o e Justi\u00e7a (CCJ) da C\u00e2mara, Carol de Toni (PL-SC), disse que n\u00e3o ir\u00e1 medir esfor\u00e7os para conseguir aprovar o Projeto de Lei 2858\/22, mais conhecido como PL da Anistia.\n<\/p>\n<p>A fala de Carol de Toni ocorre depois de o PL da Anistia ter sido retirado de pauta da CCJ nesta ter\u00e7a-feira. A mudan\u00e7a se deu com o an\u00fancio de Lira, que decidiu encaminhar a proposta para discuss\u00e3o em uma comiss\u00e3o especial.\n<\/p>\n<p>\u201cA anistia \u00e9 uma prioridade para mim e para tantos brasileiros que anseiam a liberdade e a justi\u00e7a\u201d, afirmou. \u201cContinuo tendo a convic\u00e7\u00e3o de que a pauta ser\u00e1 aprovada.\u201d\n<\/p>\n<p>A parlamentar relatou ter sido comunicada da altera\u00e7\u00e3o ainda na noite desta segunda-feira, 28. Declarou que o esfor\u00e7o realizado \u201cn\u00e3o foi em v\u00e3o\u201d e que a mobiliza\u00e7\u00e3o continua.\n<\/p>\n<p>\u201cO meu desejo \u00e9 que seja aprovada o mais r\u00e1pido poss\u00edvel no plen\u00e1rio da C\u00e2mara\u201d, destacou. \u201cN\u00e3o descansaremos enquanto n\u00e3o for aprovada. \u00c9 urgente que fa\u00e7amos a verdadeira justi\u00e7a e continuaremos firmes na nossa miss\u00e3o.\u201d\n<\/p>\n<p>Fonte: Revista Oeste              <\/p>\n<\/div>\n<p><br \/>\n<br \/><a href=\"https:\/\/diariodobrasilnoticias.com.br\/noticia\/-voltamos-a-estaca-zero-diz-bia-kicis-sobre-projeto-da-anistia-672132ba99ffd\">Source link <\/a><\/p>","protected":false},"excerpt":{"rendered":"<p>A deputada federal Bia Kicis (PL-DF), l\u00edder da minoria na C\u00e2mara, expressou seu descontentamento com a decis\u00e3o do presidente da Casa, Arthur Lira, de retirar da pauta da Comiss\u00e3o de&hellip;<\/p>","protected":false},"author":1,"featured_media":53088,"comment_status":"closed","ping_status":"open","sticky":false,"template":"","format":"standard","meta":{"content-type":"","footnotes":""},"categories":[16],"tags":[123,2448,5313,1267],"class_list":["post-53087","post","type-post","status-publish","format-standard","has-post-thumbnail","hentry","category-noticias","tag-brasil","tag-diario","tag-noticia","tag-noticias"],"_links":{"self":[{"href":"https:\/\/tvbrazilusa.com\/pt\/wp-json\/wp\/v2\/posts\/53087","targetHints":{"allow":["GET"]}}],"collection":[{"href":"https:\/\/tvbrazilusa.com\/pt\/wp-json\/wp\/v2\/posts"}],"about":[{"href":"https:\/\/tvbrazilusa.com\/pt\/wp-json\/wp\/v2\/types\/post"}],"author":[{"embeddable":true,"href":"https:\/\/tvbrazilusa.com\/pt\/wp-json\/wp\/v2\/users\/1"}],"replies":[{"embeddable":true,"href":"https:\/\/tvbrazilusa.com\/pt\/wp-json\/wp\/v2\/comments?post=53087"}],"version-history":[{"count":1,"href":"https:\/\/tvbrazilusa.com\/pt\/wp-json\/wp\/v2\/posts\/53087\/revisions"}],"predecessor-version":[{"id":53089,"href":"https:\/\/tvbrazilusa.com\/pt\/wp-json\/wp\/v2\/posts\/53087\/revisions\/53089"}],"wp:featuredmedia":[{"embeddable":true,"href":"https:\/\/tvbrazilusa.com\/pt\/wp-json\/wp\/v2\/media\/53088"}],"wp:attachment":[{"href":"https:\/\/tvbrazilusa.com\/pt\/wp-json\/wp\/v2\/media?parent=53087"}],"wp:term":[{"taxonomy":"category","embeddable":true,"href":"https:\/\/tvbrazilusa.com\/pt\/wp-json\/wp\/v2\/categories?post=53087"},{"taxonomy":"post_tag","embeddable":true,"href":"https:\/\/tvbrazilusa.com\/pt\/wp-json\/wp\/v2\/tags?post=53087"}],"curies":[{"name":"wp","href":"https:\/\/api.w.org\/{rel}","templated":true}]}}