{"id":53230,"date":"2024-10-30T12:08:53","date_gmt":"2024-10-30T12:08:53","guid":{"rendered":"https:\/\/tvbrazilusa.com\/2024\/10\/30\/menina-e-internada-com-problema-renal-apos-comer-em-mcdonalds\/"},"modified":"2024-10-30T12:08:54","modified_gmt":"2024-10-30T12:08:54","slug":"menina-e-internada-com-problema-renal-apos-comer-em-mcdonalds","status":"publish","type":"post","link":"https:\/\/tvbrazilusa.com\/pt\/2024\/10\/30\/menina-e-internada-com-problema-renal-apos-comer-em-mcdonalds\/","title":{"rendered":"Menina \u00e9 internada com problema renal ap\u00f3s comer em McDonald&#8217;s"},"content":{"rendered":"<p> <script async src=\"https:\/\/pagead2.googlesyndication.com\/pagead\/js\/adsbygoogle.js?client=ca-pub-8864793242727901\"\r\n     crossorigin=\"anonymous\"><\/script><br \/>\n<\/p>\n<div id=\"taboola-read-more\" style=\"display:block; width:100%\">\n<p>Uma adolescente de 15 anos est\u00e1 internada com insufici\u00eancia renal no Colorado, nos EUA, ap\u00f3s ser infectada com E.coli depois de comer diversas vezes o sandu\u00edche &#8220;Quarter\u00e3o&#8221;, do MCDonald&#8217;s. O caso foi revelado na segunda-feira (28) pela emissora NBC News.\n<\/p>\n<p>Kamberlyn Bowler \u00e9 uma das dezenas de pessoas que dizem terem ficado doentes ap\u00f3s comer o sandu\u00edche. De acordo com o CDC (Centros de Controle e Preven\u00e7\u00e3o de Doen\u00e7as), pelo menos 75 pessoas em 13 estados foram infectadas pela bact\u00e9ria. Uma pessoa morreu.<\/p>\n<p>A m\u00e3e da adolescente, Brittany Randall, disse que os sintomas da filha come\u00e7aram neste m\u00eas com febre e dor de est\u00f4mago. &#8220;N\u00f3s dois meio que pensamos que eu estava com febre, tipo gripe ou algo assim \u2014 uma virose estomacal&#8221;, disse Kamberlyn. &#8220;Mas a\u00ed eu comecei a vomitar, ter diarreia, e era sangrento, ent\u00e3o fiquei assustada.&#8221;\n<\/p>\n<p>Ap\u00f3s idas e vindas ao m\u00e9dico, a adolescente recebeu o diagn\u00f3stico de insufici\u00eancia renal por E.coli. Segundo a emissora americana, Kamberlyn foi transportada de helic\u00f3ptero para um hospital no \u00faltimo dia 18, nos arredores de Denver, onde permanece desde ent\u00e3o.\n<\/p>\n<p>A m\u00e3e da jovem afirmou que os rins da filha est\u00e3o mostrando &#8220;alguns sinais&#8221; de funcionamento. &#8220;N\u00e3o temos muita certeza de como ser\u00e1 para ela daqui para frente&#8221;, ela disse. &#8220;Ela provavelmente ter\u00e1 que fazer outra rodada de di\u00e1lise. Esperamos que seja a \u00faltima, mas tamb\u00e9m n\u00e3o sabemos, e n\u00e3o sabemos se haver\u00e1 problemas futuros&#8221;, acrescentou.\n<\/p>\n<p>Elas processaram o McDonald&#8217;s com um advogado que tamb\u00e9m representa outros clientes afetados. &#8220;Ela passou de super saud\u00e1vel e sem problemas para possivelmente ter danos renais por toda a vida&#8221;, disse Randall.\n<\/p>\n<p>A empresa de fast-food removeu as cebolas fatiadas, apontadas como poss\u00edvel causa da contamina\u00e7\u00e3o. A venda do sandu\u00edche havia sido suspensa em parte dos EUA, mas j\u00e1 foi retomada.\n<\/p>\n<p>Com informa\u00e7\u00f5es de UOL\n              <\/p>\n<\/div>\n<p><br \/>\n<br \/><a href=\"https:\/\/diariodobrasilnoticias.com.br\/noticia\/menina-e-internada-com-problema-renal-apos-comer-em-mcdonald-s-672220bf3db97\">Source link <\/a><\/p>","protected":false},"excerpt":{"rendered":"<p>Uma adolescente de 15 anos est\u00e1 internada com insufici\u00eancia renal no Colorado, nos EUA, ap\u00f3s ser infectada com E.coli depois de comer diversas vezes o sandu\u00edche &#8220;Quarter\u00e3o&#8221;, do MCDonald&#8217;s. O&hellip;<\/p>","protected":false},"author":1,"featured_media":53231,"comment_status":"closed","ping_status":"open","sticky":false,"template":"","format":"standard","meta":{"content-type":"","footnotes":""},"categories":[16],"tags":[123,2448,5313,1267],"class_list":["post-53230","post","type-post","status-publish","format-standard","has-post-thumbnail","hentry","category-noticias","tag-brasil","tag-diario","tag-noticia","tag-noticias"],"_links":{"self":[{"href":"https:\/\/tvbrazilusa.com\/pt\/wp-json\/wp\/v2\/posts\/53230","targetHints":{"allow":["GET"]}}],"collection":[{"href":"https:\/\/tvbrazilusa.com\/pt\/wp-json\/wp\/v2\/posts"}],"about":[{"href":"https:\/\/tvbrazilusa.com\/pt\/wp-json\/wp\/v2\/types\/post"}],"author":[{"embeddable":true,"href":"https:\/\/tvbrazilusa.com\/pt\/wp-json\/wp\/v2\/users\/1"}],"replies":[{"embeddable":true,"href":"https:\/\/tvbrazilusa.com\/pt\/wp-json\/wp\/v2\/comments?post=53230"}],"version-history":[{"count":1,"href":"https:\/\/tvbrazilusa.com\/pt\/wp-json\/wp\/v2\/posts\/53230\/revisions"}],"predecessor-version":[{"id":53232,"href":"https:\/\/tvbrazilusa.com\/pt\/wp-json\/wp\/v2\/posts\/53230\/revisions\/53232"}],"wp:featuredmedia":[{"embeddable":true,"href":"https:\/\/tvbrazilusa.com\/pt\/wp-json\/wp\/v2\/media\/53231"}],"wp:attachment":[{"href":"https:\/\/tvbrazilusa.com\/pt\/wp-json\/wp\/v2\/media?parent=53230"}],"wp:term":[{"taxonomy":"category","embeddable":true,"href":"https:\/\/tvbrazilusa.com\/pt\/wp-json\/wp\/v2\/categories?post=53230"},{"taxonomy":"post_tag","embeddable":true,"href":"https:\/\/tvbrazilusa.com\/pt\/wp-json\/wp\/v2\/tags?post=53230"}],"curies":[{"name":"wp","href":"https:\/\/api.w.org\/{rel}","templated":true}]}}