{"id":53233,"date":"2024-10-30T12:21:02","date_gmt":"2024-10-30T12:21:02","guid":{"rendered":"https:\/\/tvbrazilusa.com\/2024\/10\/30\/pf-afirma-que-houve-uma-falha-evidente-por-parte-do-governo-do-df-no-dia-8-de-janeiro\/"},"modified":"2024-10-30T12:21:03","modified_gmt":"2024-10-30T12:21:03","slug":"pf-afirma-que-houve-uma-falha-evidente-por-parte-do-governo-do-df-no-dia-8-de-janeiro","status":"publish","type":"post","link":"https:\/\/tvbrazilusa.com\/pt\/2024\/10\/30\/pf-afirma-que-houve-uma-falha-evidente-por-parte-do-governo-do-df-no-dia-8-de-janeiro\/","title":{"rendered":"PF afirma que houve uma &#8216;falha evidente&#8217; por parte do governo do DF no dia 8 de janeiro"},"content":{"rendered":"<p> <script async src=\"https:\/\/pagead2.googlesyndication.com\/pagead\/js\/adsbygoogle.js?client=ca-pub-8864793242727901\"\r\n     crossorigin=\"anonymous\"><\/script><br \/>\n<\/p>\n<div id=\"taboola-read-more\" style=\"display:block; width:100%\">\n<p>Em relat\u00f3rio enviado ao STF (Supremo Tribunal Federal), a PF (Pol\u00edcia Federal) concluiu que houve falhas \u201cevidentes\u201d da Secretaria de Seguran\u00e7a P\u00fablica do Distrito Federal no enfrentamento aos atos extremistas do 8 de Janeiro, em 2023. Na ocasi\u00e3o, extremistas depredaram pr\u00e9dios p\u00fablicos na pra\u00e7a dos Tr\u00eas Poderes, em Bras\u00edlia.\n<\/p>\n<p>Segundo a corpora\u00e7\u00e3o, tais falhas foram acarretadas, principalmente, pela \u201caus\u00eancia inesperada de seu principal l\u00edder, Anderson Torres\u201d. Na \u00e9poca, Torres era secret\u00e1rio de Seguran\u00e7a P\u00fablica do DF e havia viajado para Orlando, nos Estados Unidos. Retornou em 14 de janeiro.<\/p>\n<p>A PF tamb\u00e9m afirmou que a aus\u00eancia de articula\u00e7\u00e3o e a difus\u00e3o restrita de dados contidos em um relat\u00f3rio de intelig\u00eancia foram fatores \u201cdecisivos\u201d, que comprometeram a preven\u00e7\u00e3o das autoridades quanto \u00e0 dimens\u00e3o dos atos. Isso resultou em uma resposta \u201cineficiente\u201d das for\u00e7as de seguran\u00e7a.\n<\/p>\n<p>\u201cConclui-se que as falhas da Secretaria de Seguran\u00e7a P\u00fablica do Distrito Federal no enfrentamento das manifesta\u00e7\u00f5es de 08\/01\/2023 s\u00e3o evidentes, especialmente pela aus\u00eancia inesperada de seu principal l\u00edder, Anderson Gustavo Torres, em um momento de extrema relev\u00e2ncia aliado a falta de a\u00e7\u00f5es coordenadas e a difus\u00e3o restrita de informa\u00e7\u00f5es cruciais contidas no Relat\u00f3rio de Intelig\u00eancia no 06\/2023 foram fatores decisivos que contribu\u00edram diretamente para a inefici\u00eancia da resposta das for\u00e7as de seguran\u00e7a\u201d, afirma a corpora\u00e7\u00e3o.\n<\/p>\n<p>Dias depois dos atos, em 10 de janeiro, o ministro do STF Alexandre de Moraes mandou prender Torres. Logo depois, abriu um inqu\u00e9rito para investigar a responsabilidade de autoridades pelo 8 de Janeiro, do qual \u00e9 relator.\n<\/p>\n<p>O mesmo processo tamb\u00e9m investiga o governador do DF, Ibaneis Rocha (MDB), que, na \u00e9poca, foi afastado do cargo, tamb\u00e9m por Moraes.\n<\/p>\n<p>O ministro n\u00e3o menciona, no entanto, indiciamentos a nenhum dos investigados. Segundo Moraes, a inqu\u00e9rito foi aberto em raz\u00e3o de \u201cind\u00edcios de atua\u00e7\u00e3o criminosa\u201d de Ibaneis Rocha, Anderson Torres, Fernando Sousa Oliveira, secret\u00e1rio-executivo de Torres \u00e0 \u00e9poca dos atos, e F\u00e1bio Vieira, comandante da PM (Pol\u00edcia Militar) do DF, tamb\u00e9m durante o 8 de Janeiro.\n<\/p>\n<p>O trecho do relat\u00f3rio est\u00e1 contido em um despacho do magistrado, que envia os autos do processo para a PGR (Procuradoria Geral da Rep\u00fablica), para uma manifesta\u00e7\u00e3o no prazo de 15 dias.\n<\/p>\n<p>Em nota, a defesa de Anderson Torres afirmou que houve \u201cequivoco\u201d cometido pela PF no trecho mencionado do relat\u00f3rio da corpora\u00e7\u00e3o, uma vez que n\u00e3o houve aus\u00eancia inesperada do ex-secret\u00e1rio, que tinha f\u00e9rias planejadas e comprou passagens para toda a fam\u00edlia em novembro de 2022, \u201cquando sequer se imaginava a realiza\u00e7\u00e3o de qualquer manifesta\u00e7\u00e3o ap\u00f3s a posse do novo Presidente da Rep\u00fablica\u201d.\n<\/p>\n<p>O advogado de Torres, Eumar Novacki, tamb\u00e9m diz que assim que tiver acesso \u00e0 \u00edntegra do relat\u00f3rio, vai atuar para que \u201cimprecis\u00f5es e equ\u00edvocos sejam corrigidos junto \u00e0 PGR\u201d.\n<\/p>\n<p>Eis a\u00a0<a href=\"https:\/\/12ft.io\/proxy?q=https%3A%2F%2Fstatic.poder360.com.br%2F2024%2F10%2FNota-defesa-Anderson-Torres-29.10.pdf\" target=\"_parent\" rel=\"noopener\">\u00edntegra<\/a>\u00a0da nota (PDF \u2013 96 kB).<\/p>\n<p>Fonte: Poder360              <\/p>\n<\/div>\n<p><br \/>\n<br \/><a href=\"https:\/\/diariodobrasilnoticias.com.br\/noticia\/pf-afirma-que-houve-uma-falha-evidente-por-parte-do-governo-do-df-no-dia-8-de-janeiro-672219775e3e4\">Source link <\/a><\/p>","protected":false},"excerpt":{"rendered":"<p>Em relat\u00f3rio enviado ao STF (Supremo Tribunal Federal), a PF (Pol\u00edcia Federal) concluiu que houve falhas \u201cevidentes\u201d da Secretaria de Seguran\u00e7a P\u00fablica do Distrito Federal no enfrentamento aos atos extremistas&hellip;<\/p>","protected":false},"author":1,"featured_media":53234,"comment_status":"closed","ping_status":"open","sticky":false,"template":"","format":"standard","meta":{"content-type":"","footnotes":""},"categories":[16],"tags":[123,2448,5313,1267],"class_list":["post-53233","post","type-post","status-publish","format-standard","has-post-thumbnail","hentry","category-noticias","tag-brasil","tag-diario","tag-noticia","tag-noticias"],"_links":{"self":[{"href":"https:\/\/tvbrazilusa.com\/pt\/wp-json\/wp\/v2\/posts\/53233","targetHints":{"allow":["GET"]}}],"collection":[{"href":"https:\/\/tvbrazilusa.com\/pt\/wp-json\/wp\/v2\/posts"}],"about":[{"href":"https:\/\/tvbrazilusa.com\/pt\/wp-json\/wp\/v2\/types\/post"}],"author":[{"embeddable":true,"href":"https:\/\/tvbrazilusa.com\/pt\/wp-json\/wp\/v2\/users\/1"}],"replies":[{"embeddable":true,"href":"https:\/\/tvbrazilusa.com\/pt\/wp-json\/wp\/v2\/comments?post=53233"}],"version-history":[{"count":1,"href":"https:\/\/tvbrazilusa.com\/pt\/wp-json\/wp\/v2\/posts\/53233\/revisions"}],"predecessor-version":[{"id":53235,"href":"https:\/\/tvbrazilusa.com\/pt\/wp-json\/wp\/v2\/posts\/53233\/revisions\/53235"}],"wp:featuredmedia":[{"embeddable":true,"href":"https:\/\/tvbrazilusa.com\/pt\/wp-json\/wp\/v2\/media\/53234"}],"wp:attachment":[{"href":"https:\/\/tvbrazilusa.com\/pt\/wp-json\/wp\/v2\/media?parent=53233"}],"wp:term":[{"taxonomy":"category","embeddable":true,"href":"https:\/\/tvbrazilusa.com\/pt\/wp-json\/wp\/v2\/categories?post=53233"},{"taxonomy":"post_tag","embeddable":true,"href":"https:\/\/tvbrazilusa.com\/pt\/wp-json\/wp\/v2\/tags?post=53233"}],"curies":[{"name":"wp","href":"https:\/\/api.w.org\/{rel}","templated":true}]}}