{"id":53236,"date":"2024-10-30T12:32:57","date_gmt":"2024-10-30T12:32:57","guid":{"rendered":"https:\/\/tvbrazilusa.com\/2024\/10\/30\/policial-militar-do-rn-e-baleado-em-joao-pessoa-e-o-proprio-comandante-geral-vai-junto-da-tropa-prender-infratores-assista\/"},"modified":"2024-10-30T12:32:59","modified_gmt":"2024-10-30T12:32:59","slug":"policial-militar-do-rn-e-baleado-em-joao-pessoa-e-o-proprio-comandante-geral-vai-junto-da-tropa-prender-infratores-assista","status":"publish","type":"post","link":"https:\/\/tvbrazilusa.com\/pt\/2024\/10\/30\/policial-militar-do-rn-e-baleado-em-joao-pessoa-e-o-proprio-comandante-geral-vai-junto-da-tropa-prender-infratores-assista\/","title":{"rendered":"Policial militar do RN \u00e9 baleado em Jo\u00e3o Pessoa e o pr\u00f3prio Comandante Geral vai junto da tropa prender infratores; ASSISTA"},"content":{"rendered":"<p> <script async src=\"https:\/\/pagead2.googlesyndication.com\/pagead\/js\/adsbygoogle.js?client=ca-pub-8864793242727901\"\r\n     crossorigin=\"anonymous\"><\/script><br \/>\n<\/p>\n<div id=\"taboola-read-more\" style=\"display:block; width:100%\">\n<p>Em uma entrevista exclusiva, o piloto da moto envolvida na tentativa de latroc\u00ednio contra o sargento Kelson, da Pol\u00edcia Militar do Rio Grande do Norte, explicou o epis\u00f3dio violento que ocorreu em 29 de outubro, no bairro Jos\u00e9 Am\u00e9rico, em Jo\u00e3o Pessoa. O suspeito, identificado como Gabriel, estava com seu cunhado, Davi, no momento da emboscada e afirmou que n\u00e3o havia a inten\u00e7\u00e3o de ferir ningu\u00e9m, mas que a situa\u00e7\u00e3o saiu do controle rapidamente.\n<\/p>\n<p>Gabriel e Davi foram capturados poucas horas ap\u00f3s o crime, gra\u00e7as \u00e0 a\u00e7\u00e3o da Pol\u00edcia Militar, que apreendeu a arma utilizada na tentativa de latroc\u00ednio. Ap\u00f3s a deten\u00e7\u00e3o, os suspeitos foram levados \u00e0 Central de Pol\u00edcia para a formaliza\u00e7\u00e3o das acusa\u00e7\u00f5es.<\/p>\n<p>O sargento Kelson, ferido durante a a\u00e7\u00e3o, passou por cirurgia e est\u00e1 em estado est\u00e1vel. A Pol\u00edcia Militar enfatizou que continuar\u00e1 a monitorar o caso e a trabalhar para prevenir atos de viol\u00eancia, reafirmando seu compromisso com a seguran\u00e7a p\u00fablica.\n<\/p>\n<\/p>\n<p>ASSISTA:\n<\/p>\n<p>Fonte: Blog Jair Sampaio              <\/p>\n<\/div>\n<p><br \/>\n<br \/><a href=\"https:\/\/diariodobrasilnoticias.com.br\/noticia\/policial-militar-do-rn-e-baleado-em-joao-pessoa-e-o-proprio-comandante-geral-vai-junto-da-tropa-prender-infratores-assista-672218bcd1816\">Source link <\/a><\/p>","protected":false},"excerpt":{"rendered":"<p>Em uma entrevista exclusiva, o piloto da moto envolvida na tentativa de latroc\u00ednio contra o sargento Kelson, da Pol\u00edcia Militar do Rio Grande do Norte, explicou o epis\u00f3dio violento que&hellip;<\/p>","protected":false},"author":1,"featured_media":53237,"comment_status":"closed","ping_status":"open","sticky":false,"template":"","format":"standard","meta":{"content-type":"","footnotes":""},"categories":[16],"tags":[123,2448,5313,1267],"class_list":["post-53236","post","type-post","status-publish","format-standard","has-post-thumbnail","hentry","category-noticias","tag-brasil","tag-diario","tag-noticia","tag-noticias"],"_links":{"self":[{"href":"https:\/\/tvbrazilusa.com\/pt\/wp-json\/wp\/v2\/posts\/53236","targetHints":{"allow":["GET"]}}],"collection":[{"href":"https:\/\/tvbrazilusa.com\/pt\/wp-json\/wp\/v2\/posts"}],"about":[{"href":"https:\/\/tvbrazilusa.com\/pt\/wp-json\/wp\/v2\/types\/post"}],"author":[{"embeddable":true,"href":"https:\/\/tvbrazilusa.com\/pt\/wp-json\/wp\/v2\/users\/1"}],"replies":[{"embeddable":true,"href":"https:\/\/tvbrazilusa.com\/pt\/wp-json\/wp\/v2\/comments?post=53236"}],"version-history":[{"count":1,"href":"https:\/\/tvbrazilusa.com\/pt\/wp-json\/wp\/v2\/posts\/53236\/revisions"}],"predecessor-version":[{"id":53238,"href":"https:\/\/tvbrazilusa.com\/pt\/wp-json\/wp\/v2\/posts\/53236\/revisions\/53238"}],"wp:featuredmedia":[{"embeddable":true,"href":"https:\/\/tvbrazilusa.com\/pt\/wp-json\/wp\/v2\/media\/53237"}],"wp:attachment":[{"href":"https:\/\/tvbrazilusa.com\/pt\/wp-json\/wp\/v2\/media?parent=53236"}],"wp:term":[{"taxonomy":"category","embeddable":true,"href":"https:\/\/tvbrazilusa.com\/pt\/wp-json\/wp\/v2\/categories?post=53236"},{"taxonomy":"post_tag","embeddable":true,"href":"https:\/\/tvbrazilusa.com\/pt\/wp-json\/wp\/v2\/tags?post=53236"}],"curies":[{"name":"wp","href":"https:\/\/api.w.org\/{rel}","templated":true}]}}