{"id":53257,"date":"2024-10-30T13:14:18","date_gmt":"2024-10-30T13:14:18","guid":{"rendered":"https:\/\/tvbrazilusa.com\/2024\/10\/30\/aumento-de-casos-de-pneumonia-ambulante-entre-criancas-o-que-saber-na-florida\/"},"modified":"2024-10-30T13:47:47","modified_gmt":"2024-10-30T13:47:47","slug":"aumento-de-casos-de-pneumonia-ambulante-entre-criancas-o-que-saber-na-florida","status":"publish","type":"post","link":"https:\/\/tvbrazilusa.com\/pt\/2024\/10\/30\/aumento-de-casos-de-pneumonia-ambulante-entre-criancas-o-que-saber-na-florida\/","title":{"rendered":"Aumento de casos de &#8216;pneumonia ambulante&#8217; entre crian\u00e7as: o que saber na Fl\u00f3rida"},"content":{"rendered":"<p> <script async src=\"https:\/\/pagead2.googlesyndication.com\/pagead\/js\/adsbygoogle.js?client=ca-pub-8864793242727901\"\r\n     crossorigin=\"anonymous\"><\/script><br \/>\n<\/p>\n<div id=\"\">\n<div class=\"styles_HTMLContent__LDG2k\">\n<p>FL\u00d3RIDA \u2014 \u00c9 poss\u00edvel que a tosse persistente que incomoda seu filho h\u00e1 semanas seja um tipo de \u201c<a href=\"https:\/\/www.cdc.gov\/ncird\/whats-new\/mycoplasma-pneumoniae-infections-have-been-increasing.html\" target=\"_blank\" rel=\"nofollow noopener\">pneumonia ambulante<\/a>\u201d que tem aumentado este ano, especialmente em crian\u00e7as pequenas.<\/p>\n<\/div>\n<div class=\"styles_HTMLContent__LDG2k\">\n<p>A percentagem de crian\u00e7as entre os 2 e os 4 anos que foram diagnosticadas com este tipo comum de pneumonia cresceu de 1% para 7,2% entre 31 de Mar\u00e7o e 5 de Outubro, de acordo com os Centros de Controlo e Preven\u00e7\u00e3o de Doen\u00e7as. A ag\u00eancia disse que o aumento \u00e9 \u201cnot\u00e1vel\u201d porque a bact\u00e9ria que o causa \u2013 Mycoplasma pneumoniae \u2013 n\u00e3o tem sido historicamente reconhecida como a principal causa de pneumonia nesta faixa et\u00e1ria.<\/p>\n<p>A bact\u00e9ria \u00e9 facilmente transmitida pela tosse ou espirro e, embora as infec\u00e7\u00f5es respirat\u00f3rias sejam geralmente leves, tamb\u00e9m podem ocorrer complica\u00e7\u00f5es graves.<\/p>\n<\/div>\n<div class=\"ContentBlocks_CardDetail__SubscribeBlock__4zBcQ ContentBlocks_CardDetail__SubscribeBlock--mobile__18tT_\">\n<section class=\"styles_SubscribeForm__0dj5n\">\n<h2 class=\"styles_SubscribeForm__title__F_olP\">Descubra o que est\u00e1 acontecendo em Sarasota<span class=\"styles_SubscribeForm__title--nextLine__FTO3K\">com atualiza\u00e7\u00f5es gratuitas e em tempo real do Patch.<\/span><\/h2>\n<\/section>\n<\/div>\n<div class=\"styles_HTMLContent__LDG2k\">\n<p>Patch entrou em contato com o Departamento de Sa\u00fade da Fl\u00f3rida para obter informa\u00e7\u00f5es adicionais. Esta hist\u00f3ria ser\u00e1 atualizada quando as autoridades de sa\u00fade responderem.<\/p>\n<p>Abaixo est\u00e3o algumas coisas que os pais da Fl\u00f3rida precisam saber sobre a pneumonia por Mycoplasma:<\/p>\n<\/div>\n<div class=\"ContentBlocks_CardDetail__SubscribeBlock__4zBcQ ContentBlocks_CardDetail__SubscribeBlock--desktop__oN6vv\">\n<section class=\"styles_SubscribeForm__0dj5n\">\n<h2 class=\"styles_SubscribeForm__title__F_olP\">Descubra o que est\u00e1 acontecendo em Sarasota<span class=\"styles_SubscribeForm__title--nextLine__FTO3K\">com atualiza\u00e7\u00f5es gratuitas e em tempo real do Patch.<\/span><\/h2>\n<\/section>\n<\/div>\n<div class=\"styles_HTMLContent__LDG2k\">\n<p><strong>O que \u00e9 pneumonia ambulante?<\/strong><\/p>\n<p>Pneumonia ambulante \u00e9 um termo coloquial para descrever pneumonia at\u00edpica \u2013 isto \u00e9, infec\u00e7\u00f5es pulmonares leves cujos sintomas s\u00e3o semelhantes a um resfriado no peito, incluindo dor de garganta, espirros, tosse, dor de cabe\u00e7a, calafrios leves e febre baixa. <\/p>\n<\/div>\n<div class=\"styles_HTMLContent__LDG2k\">\n<p>Pessoas que t\u00eam pneumonia ambulante geralmente se sentem bem o suficiente para cuidar de suas vidas. <\/p>\n<p>Ao contr\u00e1rio da pneumonia \u201cnormal\u201d, que \u00e9 causada por v\u00e1rios microrganismos, geralmente bact\u00e9rias e v\u00edrus, a pneumonia ambulante \u00e9 causada pela bact\u00e9ria Mycoplasma pneumoniae, de dif\u00edcil detec\u00e7\u00e3o. <\/p>\n<\/div>\n<div class=\"styles_HTMLContent__LDG2k\">\n<p>Pessoas de qualquer idade podem desenvolver infec\u00e7\u00f5es por pneumonia ambulante, mas s\u00e3o mais comuns entre crian\u00e7as de 5 a 17 anos e adultos jovens. As crian\u00e7as mais novas podem ter <a href=\"https:\/\/www.cdc.gov\/mycoplasma\/about\/index.html\" target=\"_blank\" rel=\"nofollow noopener\">sintomas diferentes<\/a>incluindo diarr\u00e9ia, respira\u00e7\u00e3o ofegante ou v\u00f4mito.<\/p>\n<p><strong>Qu\u00e3o comum \u00e9 a pneumonia ambulante?<\/strong><\/p>\n<p>Estima-se que 2 milh\u00f5es de infec\u00e7\u00f5es sejam confirmadas todos os anos nos Estados Unidos, mas o CDC afirmou que o verdadeiro n\u00famero de pessoas afectadas todos os anos \u00e9 desconhecido, uma vez que n\u00e3o existe notifica\u00e7\u00e3o nacional ou sistema de vigil\u00e2ncia dedicado para rastreamento. <\/p>\n<p>Os dados do CDC de 31 de mar\u00e7o a 5 de outubro, que mostram que as crian\u00e7as pequenas adoecem com taxas mais elevadas, tamb\u00e9m mostram um aumento de diagn\u00f3sticos entre todas as faixas et\u00e1rias. E embora as taxas de infec\u00e7\u00e3o sejam <a href=\"https:\/\/www.cdc.gov\/mycoplasma\/php\/surveillance\/index.html\" target=\"_blank\" rel=\"nofollow noopener\">maior entre crian\u00e7as pequenas<\/a>o n\u00famero de crian\u00e7as de 5 a 17 anos com diagn\u00f3stico de pneumonia ambulante aumentou de 3,6% para 7,4% de 31 de mar\u00e7o a outubro. 5.<\/p>\n<p>O CDC tamb\u00e9m analisa dados laboratoriais que mostram a frequ\u00eancia com que os pacientes apresentam resultados positivos para infec\u00e7\u00f5es por pneumonia ambulante. A taxa de positividade tamb\u00e9m aumentou desde o final da primavera para todas as faixas et\u00e1rias, de 0,7% para 3,3%. <\/p>\n<\/div>\n<div class=\"styles_HTMLContent__LDG2k\">\n<p><strong>Os antibi\u00f3ticos cuidar\u00e3o disso?<\/strong><\/p>\n<p>Os antibi\u00f3ticos de primeira linha para crian\u00e7as, incluindo amoxicilina e penicilina, n\u00e3o funcionam neste tipo de pneumonia. Em vez disso, o CDC recomenda macr\u00f3lidos, como azitromicina, claritromicina e eritromicina. Os pacientes que n\u00e3o melhoram podem necessitar de tratamentos de segunda linha, como fluoroquinolonas ou tetraciclinas.<\/p>\n<p><strong>Por que os casos est\u00e3o aumentando agora?<\/strong><\/p>\n<p>Embora as taxas de infec\u00e7\u00e3o por Mycoplasma estejam agora mais alinhadas com os n\u00edveis pr\u00e9-pand\u00e9micos, n\u00e3o os ultrapassaram.<\/p>\n<p>\u201cParece muito dram\u00e1tico agora, mas \u00e9 mais porque durante o pico da pandemia de Covid, quase todo o resto caiu\u201d, disse o Dr. Geoffrey Weinberg, especialista em doen\u00e7as infecciosas pedi\u00e1tricas do Centro M\u00e9dico da Universidade de Rochester, \u00e0 CNN \u201cMas o as taxas reais em todo o pa\u00eds s\u00e3o bastante <a href=\"https:\/\/www.cnn.com\/2024\/10\/25\/health\/walking-pneumonia-surging-kids\/index.html\" target=\"_blank\" rel=\"nofollow noopener\">semelhante ao que era antes de 2019<\/a>.\u201d<\/p>\n<\/div>\n<div class=\"styles_HTMLContent__LDG2k\">\n<p>Al\u00e9m disso, de acordo com o relat\u00f3rio da CNN, a maioria das infec\u00e7\u00f5es tem um ciclo, o que significa que alguns anos s\u00e3o piores que outros. As taxas de pneumonia por micoplasma tendem a aumentar a cada tr\u00eas a sete anos, \u00e0 medida que as pessoas perdem a imunidade ao v\u00edrus.<\/p>\n<p>Al\u00e9m disso, os testes s\u00e3o mais avan\u00e7ados. Os testes multiplex podem verificar v\u00e1rios tipos de v\u00edrus e bact\u00e9rias ao mesmo tempo, por isso os m\u00e9dicos podem detect\u00e1-los com mais frequ\u00eancia, de acordo com especialistas em sa\u00fade.<\/p>\n<p><strong>O que mais pode ser feito?<\/strong><\/p>\n<p>A bact\u00e9ria pode permanecer no corpo por uma a quatro semanas antes de uma pessoa ficar doente. Este tipo de pneumonia se espalha facilmente em ambientes lotados, como escolas, dormit\u00f3rios universit\u00e1rios e lares de idosos, de acordo com o CDC<\/p>\n<p>Uma das melhores maneiras de controlar sua propaga\u00e7\u00e3o \u00e9 praticar uma boa lavagem das m\u00e3os e outras t\u00e9cnicas de higiene, como tossir na manga.<\/p>\n<\/div>\n<hr\/>\n<p>Receba mais not\u00edcias locais diretamente em sua caixa de entrada.<!-- --> <a target=\"_blank\" href=\"http:\/\/patch.com\/florida\/sarasota\/subscribe\" class=\"\" rel=\"noopener\">Inscreva-se para receber boletins informativos e alertas gratuitos sobre Patch.<\/a><\/div>\n<p><br \/>\n<br \/><a href=\"http:\/\/patch.com\/florida\/sarasota\/cases-walking-pneumonia-spike-among-children-what-know-fl?utm_source=article-mostrecent&#038;utm_medium=rss&#038;utm_term=health%20%26%20fitness&#038;utm_campaign=recirc&#038;utm_content=aol\">Source link <\/a><\/p>","protected":false},"excerpt":{"rendered":"<p>FL\u00d3RIDA \u2014 \u00c9 poss\u00edvel que a tosse persistente que incomoda seu filho h\u00e1 semanas seja um tipo de \u201cpneumonia ambulante\u201d que tem aumentado este ano, especialmente em crian\u00e7as pequenas. A&hellip;<\/p>","protected":false},"author":1,"featured_media":53258,"comment_status":"closed","ping_status":"open","sticky":false,"template":"","format":"standard","meta":{"content-type":"","footnotes":""},"categories":[1],"tags":[],"class_list":["post-53257","post","type-post","status-publish","format-standard","has-post-thumbnail","hentry","category-uncategorized"],"_links":{"self":[{"href":"https:\/\/tvbrazilusa.com\/pt\/wp-json\/wp\/v2\/posts\/53257","targetHints":{"allow":["GET"]}}],"collection":[{"href":"https:\/\/tvbrazilusa.com\/pt\/wp-json\/wp\/v2\/posts"}],"about":[{"href":"https:\/\/tvbrazilusa.com\/pt\/wp-json\/wp\/v2\/types\/post"}],"author":[{"embeddable":true,"href":"https:\/\/tvbrazilusa.com\/pt\/wp-json\/wp\/v2\/users\/1"}],"replies":[{"embeddable":true,"href":"https:\/\/tvbrazilusa.com\/pt\/wp-json\/wp\/v2\/comments?post=53257"}],"version-history":[{"count":1,"href":"https:\/\/tvbrazilusa.com\/pt\/wp-json\/wp\/v2\/posts\/53257\/revisions"}],"predecessor-version":[{"id":53259,"href":"https:\/\/tvbrazilusa.com\/pt\/wp-json\/wp\/v2\/posts\/53257\/revisions\/53259"}],"wp:featuredmedia":[{"embeddable":true,"href":"https:\/\/tvbrazilusa.com\/pt\/wp-json\/wp\/v2\/media\/53258"}],"wp:attachment":[{"href":"https:\/\/tvbrazilusa.com\/pt\/wp-json\/wp\/v2\/media?parent=53257"}],"wp:term":[{"taxonomy":"category","embeddable":true,"href":"https:\/\/tvbrazilusa.com\/pt\/wp-json\/wp\/v2\/categories?post=53257"},{"taxonomy":"post_tag","embeddable":true,"href":"https:\/\/tvbrazilusa.com\/pt\/wp-json\/wp\/v2\/tags?post=53257"}],"curies":[{"name":"wp","href":"https:\/\/api.w.org\/{rel}","templated":true}]}}