{"id":53296,"date":"2024-10-30T16:24:47","date_gmt":"2024-10-30T16:24:47","guid":{"rendered":"https:\/\/tvbrazilusa.com\/2024\/10\/30\/maniaco-do-parque-revela-o-que-sente-ao-ver-foto-de-suas-vitimas-confira\/"},"modified":"2024-10-30T16:24:48","modified_gmt":"2024-10-30T16:24:48","slug":"maniaco-do-parque-revela-o-que-sente-ao-ver-foto-de-suas-vitimas-confira","status":"publish","type":"post","link":"https:\/\/tvbrazilusa.com\/pt\/2024\/10\/30\/maniaco-do-parque-revela-o-que-sente-ao-ver-foto-de-suas-vitimas-confira\/","title":{"rendered":"Man\u00edaco do Parque revela o que sente ao ver foto de suas v\u00edtimas; confira"},"content":{"rendered":"<p> <script async src=\"https:\/\/pagead2.googlesyndication.com\/pagead\/js\/adsbygoogle.js?client=ca-pub-8864793242727901\"\r\n     crossorigin=\"anonymous\"><\/script><br \/>\n<\/p>\n<p>Enquanto as fotos eram mostradas, Francisco de Assis Pereira disse que se recordava de todas elas, inclusive a maneira como as conheceu, e deu detalhes sobre a morte. Ao falar sobre outra mulher, ele diz que tamb\u00e9m foi v\u00edtima. \u201cEu fui v\u00edtima de um mal e elas foram v\u00edtimas de um mal que estava sobre mim\u201d, declarou.<\/p>\n<div>\n<p>Rezende, ent\u00e3o, pergunta o que ele diria para as fam\u00edlias das v\u00edtimas. \u201cOs mesmos prop\u00f3sitos que eu fiz, estando preso no isolamento, que fa\u00e7am esses prop\u00f3sitos, de terem atitude de f\u00e9 que eu tomei. Que Deus ilumine a vida de cada uma delas e que a sociedade tamb\u00e9m se cuide. N\u00e3o por afronta, mas por causa das influ\u00eancias que est\u00e3o a\u00ed fora. Qualquer um est\u00e1 sujeito \u00e0s mesmas consequ\u00eancias piores ao qual eu estava preso\u201d, disse.\n<\/p>\n<p>Questionado se estaria pronto para voltar \u00e0 sociedade, ele diz que tem plena certeza. \u201cEu n\u00e3o me acho normal, a palavra me convence de ser uma pessoa normal. A palavra de Deus me convence. Eu entrei por essas portas querendo Deus e sairia por essas portas\u201d, completou.\n<\/p>\n<p>Ele ainda disse que queria ter uma \u201cmontoeira de filhos\u201d, formada por meninas, que ele diz ter uma paix\u00e3o. Marcelo Rezende, ent\u00e3o, pergunta ao Man\u00edaco do Parque o que ele faria se o Francisco matasse uma das filhas dele.\n<\/p>\n<p>\u201cE se eu fosse o teu filho?\u201d, disse, em um primeiro momento. Com a pergunta sendo refeita, ele explicou: \u201cEm uma natureza, pelo lado que eu vivo, no que eu acredito, eu perdoaria, se fosse do meu lado. Agora, pelo lado humano, eu n\u00e3o fa\u00e7o ideia\u201d.<\/p>\n<p>Fonte: Metr\u00f3poles\n<\/p>\n<\/div>\n<p><br \/>\n<br \/><a href=\"https:\/\/diariodobrasilnoticias.com.br\/noticia\/maniaco-do-parque-revela-o-que-sente-ao-ver-foto-de-suas-vitimas-confira-672232e76f7b9\">Source link <\/a><\/p>","protected":false},"excerpt":{"rendered":"<p>Enquanto as fotos eram mostradas, Francisco de Assis Pereira disse que se recordava de todas elas, inclusive a maneira como as conheceu, e deu detalhes sobre a morte. Ao falar&hellip;<\/p>","protected":false},"author":1,"featured_media":53297,"comment_status":"closed","ping_status":"open","sticky":false,"template":"","format":"standard","meta":{"content-type":"","footnotes":""},"categories":[16],"tags":[123,2448,5313,1267],"class_list":["post-53296","post","type-post","status-publish","format-standard","has-post-thumbnail","hentry","category-noticias","tag-brasil","tag-diario","tag-noticia","tag-noticias"],"_links":{"self":[{"href":"https:\/\/tvbrazilusa.com\/pt\/wp-json\/wp\/v2\/posts\/53296","targetHints":{"allow":["GET"]}}],"collection":[{"href":"https:\/\/tvbrazilusa.com\/pt\/wp-json\/wp\/v2\/posts"}],"about":[{"href":"https:\/\/tvbrazilusa.com\/pt\/wp-json\/wp\/v2\/types\/post"}],"author":[{"embeddable":true,"href":"https:\/\/tvbrazilusa.com\/pt\/wp-json\/wp\/v2\/users\/1"}],"replies":[{"embeddable":true,"href":"https:\/\/tvbrazilusa.com\/pt\/wp-json\/wp\/v2\/comments?post=53296"}],"version-history":[{"count":1,"href":"https:\/\/tvbrazilusa.com\/pt\/wp-json\/wp\/v2\/posts\/53296\/revisions"}],"predecessor-version":[{"id":53298,"href":"https:\/\/tvbrazilusa.com\/pt\/wp-json\/wp\/v2\/posts\/53296\/revisions\/53298"}],"wp:featuredmedia":[{"embeddable":true,"href":"https:\/\/tvbrazilusa.com\/pt\/wp-json\/wp\/v2\/media\/53297"}],"wp:attachment":[{"href":"https:\/\/tvbrazilusa.com\/pt\/wp-json\/wp\/v2\/media?parent=53296"}],"wp:term":[{"taxonomy":"category","embeddable":true,"href":"https:\/\/tvbrazilusa.com\/pt\/wp-json\/wp\/v2\/categories?post=53296"},{"taxonomy":"post_tag","embeddable":true,"href":"https:\/\/tvbrazilusa.com\/pt\/wp-json\/wp\/v2\/tags?post=53296"}],"curies":[{"name":"wp","href":"https:\/\/api.w.org\/{rel}","templated":true}]}}