{"id":53312,"date":"2024-10-30T17:34:42","date_gmt":"2024-10-30T17:34:42","guid":{"rendered":"https:\/\/tvbrazilusa.com\/2024\/10\/30\/calado-e-um-poeta-entenda-por-que-bruno-gagliasso-detonou-tiago-leifert\/"},"modified":"2024-10-30T17:34:44","modified_gmt":"2024-10-30T17:34:44","slug":"calado-e-um-poeta-entenda-por-que-bruno-gagliasso-detonou-tiago-leifert","status":"publish","type":"post","link":"https:\/\/tvbrazilusa.com\/pt\/2024\/10\/30\/calado-e-um-poeta-entenda-por-que-bruno-gagliasso-detonou-tiago-leifert\/","title":{"rendered":"&#8216;Calado \u00e9 um poeta&#8217;: entenda por que Bruno Gagliasso detonou Tiago Leifert"},"content":{"rendered":"<p> <script async src=\"https:\/\/pagead2.googlesyndication.com\/pagead\/js\/adsbygoogle.js?client=ca-pub-8864793242727901\"\r\n     crossorigin=\"anonymous\"><\/script><br \/>\n<\/p>\n<div>\n<figure class=\"post-image\">\n<\/figure>\n<p>            <span style=\"font-size: 12px\">Cr\u00e9ditos: Reprodu\u00e7\u00e3o\/Instagram\/@brunogagliasso e Van Campos\/Agnews<\/span><\/p>\n<p>            <!-- end metas --><br \/>\n            <!-- ADS --><\/p>\n<div id=\"taboola-read-more\" style=\"display:block; width:100%\">\n<p>Bruno Gagliasso, 42, disse que Tiago Leifert, 44, &#8220;calado&#8221; \u00e9 um &#8220;poeta&#8221;.\n<\/p>\n<p>Tiago Leifert discordou da aus\u00eancia do jogador Vini Jr. no Bola de Ouro de 2024. O brasileiro era o favorito, mas o pr\u00eamio foi para o espanhol Rodri. Ningu\u00e9m do Real Madrid foi \u00e0 premia\u00e7\u00e3o.<\/p>\n<p>&#8220;Voc\u00ea deveria ter ido l\u00e1, [de] peito estufado, olhado nos olhos dos jornalistas que votaram. Se voc\u00ea tivesse ido voc\u00ea teria sido o campe\u00e3o moral&#8221;\n<\/p>\n<div style=\"display: flex; flex-direction: row; justify-content: center; width: 100%;\">\n<blockquote class=\"twitter-tweet\">\n<p dir=\"ltr\" lang=\"pt\">\ud83d\udea8VEJA: Tiago Leifert afirma que Vini Jr. deveria ter comparecido na cerim\u00f4nia da Bola de Ouro:<\/p>\n<p>\u201cVoc\u00ea deveria ter ido l\u00e1, peito estufado e olhar no olho dos jornalistas que votaram. Se voc\u00ea tivesse ido voc\u00ea teria sido o campe\u00e3o moral.\u201d <a href=\"https:\/\/t.co\/YRCkcyqcpm\">pic.twitter.com\/YRCkcyqcpm<\/a><br \/>\n\u2014 CHOQUEI (@choquei) <a href=\"https:\/\/twitter.com\/choquei\/status\/1851364643337347522?ref_src=twsrc%5Etfw\">October 29, 2024<\/a><\/p>\n<\/blockquote>\n<\/div>\n<p>Vini relacionou a derrota \u00e0 sua luta contra o racismo. O jogador foi alvo de diversos ataques racistas ao longo dos \u00faltimos anos na Europa.\n<\/p>\n<p>Leifert foi criticado pela fala sobre Vini, e Gagliasso foi um dos cr\u00edticos. &#8220;P**a que pariu. Calado \u00e9 um poeta&#8221;, comentou o ator na publica\u00e7\u00e3o da p\u00e1gina @seremosresistencia no Instagram.\n<\/p>\n<p>Gagliasso apoiou a decis\u00e3o do jogador. &#8220;Ele venceu porque a sua aus\u00eancia \u00e9 mais eloquente do que qualquer presen\u00e7a naquele evento. Ele venceu porque fez o mundo inteiro olhar para uma brutal tentativa de apagamento. Ele venceu porque seus companheiros abra\u00e7aram sua ideia. Ele venceu porque, mais uma vez, \u00e9 o algoz dos racistas&#8221;, escreveu o artista no X.\n<\/p>\n<p>&#8220;Ele \u00e9 o maior do mundo. N\u00e3o tem discuss\u00e3o. Ele venceu no campo, ele venceu na vida. Vini Jr \u00e9 muito maior do que qualquer premia\u00e7\u00e3o. Ele venceu!&#8221;\n<\/p>\n<div style=\"display: flex; flex-direction: row; justify-content: center; width: 100%;\">\n<blockquote class=\"twitter-tweet\">\n<p dir=\"ltr\" lang=\"pt\">Ele venceu. Mais uma vez, <a href=\"https:\/\/twitter.com\/vinijr?ref_src=twsrc%5Etfw\">@vinijr<\/a> venceu. Ele venceu porque incomodou essa gente ruim. Ele venceu porque ele fez esse sistema comprovar que ele est\u00e1 certo. Ele venceu porque a sua aus\u00eancia \u00e9 mais eloquente do que qualquer presen\u00e7a naquele evento. Ele venceu porque fez o mundo\u2026 <a href=\"https:\/\/t.co\/GhQXTQ4AMo\">pic.twitter.com\/GhQXTQ4AMo<\/a><br \/>\n\u2014 Bruno Gagliasso (@brunogagliasso) <a href=\"https:\/\/twitter.com\/brunogagliasso\/status\/1851033324929556579?ref_src=twsrc%5Etfw\">October 28, 2024<\/a><\/p>\n<\/blockquote>\n<\/div>\n<p>Com informa\u00e7\u00f5es de UOL\n              <\/p>\n<\/div>\n<p>                        <!-- Scripts para conteudo --><\/p>\n<p>            <!-- .\/Scripts para conteudo --><br \/>\n            <!-- .\/Mat\u00e9ria --><\/p>\n<div class=\"row mt-3\">\n<div class=\"col-sm-6\">\n                <!-- Whatsapp channel 3--><br \/>\n                <a href=\"https:\/\/chat.whatsapp.com\/J6hwSKYns5B0XFowx2wZ0P\" target=\"_blank\" rel=\"noopener\"><br \/>\n                  <img decoding=\"async\" src=\"https:\/\/diariodobrasilnoticias.com.br\/assets-site\/images\/bot_whatsapp.png\"\/><\/a>\n              <\/div>\n<div class=\"col-sm-6\">\n                <a href=\"https:\/\/t.me\/+_4gTmi5LKo03OTM5\" target=\"_blank\" rel=\"noopener\"><br \/>\n                  <img decoding=\"async\" src=\"https:\/\/diariodobrasilnoticias.com.br\/assets-site\/images\/bot_telegram.png\"\/><\/a>\n              <\/div>\n<\/p><\/div>\n<p>            <!-- end post-navigation --><\/p>\n<p>              <!-- end row --><\/p>\n<p>              <!-- end col-12-->\n                      <\/div>\n<p><script async src=\"\/\/platform.twitter.com\/widgets.js\" charset=\"utf-8\"><\/script><br \/>\n<br \/><br \/>\n<br \/><a href=\"https:\/\/diariodobrasilnoticias.com.br\/noticia\/-calado-e-um-poeta-entenda-por-que-bruno-gagliasso-detonou-tiago-leifert-67224b70065b3\">Source link <\/a><\/p>","protected":false},"excerpt":{"rendered":"<p>Cr\u00e9ditos: Reprodu\u00e7\u00e3o\/Instagram\/@brunogagliasso e Van Campos\/Agnews Bruno Gagliasso, 42, disse que Tiago Leifert, 44, &#8220;calado&#8221; \u00e9 um &#8220;poeta&#8221;. Tiago Leifert discordou da aus\u00eancia do jogador Vini Jr. no Bola de Ouro&hellip;<\/p>","protected":false},"author":1,"featured_media":53313,"comment_status":"closed","ping_status":"open","sticky":false,"template":"","format":"standard","meta":{"content-type":"","footnotes":""},"categories":[16],"tags":[123,2448,5313,1267],"class_list":["post-53312","post","type-post","status-publish","format-standard","has-post-thumbnail","hentry","category-noticias","tag-brasil","tag-diario","tag-noticia","tag-noticias"],"_links":{"self":[{"href":"https:\/\/tvbrazilusa.com\/pt\/wp-json\/wp\/v2\/posts\/53312","targetHints":{"allow":["GET"]}}],"collection":[{"href":"https:\/\/tvbrazilusa.com\/pt\/wp-json\/wp\/v2\/posts"}],"about":[{"href":"https:\/\/tvbrazilusa.com\/pt\/wp-json\/wp\/v2\/types\/post"}],"author":[{"embeddable":true,"href":"https:\/\/tvbrazilusa.com\/pt\/wp-json\/wp\/v2\/users\/1"}],"replies":[{"embeddable":true,"href":"https:\/\/tvbrazilusa.com\/pt\/wp-json\/wp\/v2\/comments?post=53312"}],"version-history":[{"count":1,"href":"https:\/\/tvbrazilusa.com\/pt\/wp-json\/wp\/v2\/posts\/53312\/revisions"}],"predecessor-version":[{"id":53314,"href":"https:\/\/tvbrazilusa.com\/pt\/wp-json\/wp\/v2\/posts\/53312\/revisions\/53314"}],"wp:featuredmedia":[{"embeddable":true,"href":"https:\/\/tvbrazilusa.com\/pt\/wp-json\/wp\/v2\/media\/53313"}],"wp:attachment":[{"href":"https:\/\/tvbrazilusa.com\/pt\/wp-json\/wp\/v2\/media?parent=53312"}],"wp:term":[{"taxonomy":"category","embeddable":true,"href":"https:\/\/tvbrazilusa.com\/pt\/wp-json\/wp\/v2\/categories?post=53312"},{"taxonomy":"post_tag","embeddable":true,"href":"https:\/\/tvbrazilusa.com\/pt\/wp-json\/wp\/v2\/tags?post=53312"}],"curies":[{"name":"wp","href":"https:\/\/api.w.org\/{rel}","templated":true}]}}