{"id":53315,"date":"2024-10-30T16:41:53","date_gmt":"2024-10-30T16:41:53","guid":{"rendered":"https:\/\/tvbrazilusa.com\/2024\/10\/30\/alunos-restringidos-ainda-sao-um-problema-para-alguns-pais-do-condado-de-st-johns-jacksonville-hoje\/"},"modified":"2024-10-30T17:38:21","modified_gmt":"2024-10-30T17:38:21","slug":"alunos-restringidos-ainda-sao-um-problema-para-alguns-pais-do-condado-de-st-johns-jacksonville-hoje","status":"publish","type":"post","link":"https:\/\/tvbrazilusa.com\/pt\/2024\/10\/30\/alunos-restringidos-ainda-sao-um-problema-para-alguns-pais-do-condado-de-st-johns-jacksonville-hoje\/","title":{"rendered":"Alunos restringidos ainda s\u00e3o um problema para alguns pais do condado de St. Johns | Jacksonville hoje"},"content":{"rendered":"<p> <script async src=\"https:\/\/pagead2.googlesyndication.com\/pagead\/js\/adsbygoogle.js?client=ca-pub-8864793242727901\"\r\n     crossorigin=\"anonymous\"><\/script><br \/>\n<\/p>\n<div>\n<p>A fam\u00edlia Lisewski mora no condado de St. Johns, um distrito com algumas das escolas mais bem avaliadas do estado, ent\u00e3o eles nunca se consideraram uma fam\u00edlia que educava em casa. Mas eles sentiram que n\u00e3o tinham outra op\u00e7\u00e3o quando seu filho Caden voltava para casa dizendo que os funcion\u00e1rios da escola o haviam \u201cmaltratado\u201d.<\/p>\n<p>Caden Lisewski est\u00e1 no espectro do autismo. Seu pai, Kevin, diz que ele era um aluno modelo no jardim de inf\u00e2ncia da Palm Valley Academy, em Nocatee. S\u00f3 quando Caden come\u00e7ou a primeira s\u00e9rie \u00e9 que os Lisewskis come\u00e7aram a ver alguns problemas de comportamento em seu filho. Na segunda s\u00e9rie, ano letivo de 2022-23, diz Kevin, \u201cas rodas ca\u00edram\u201d.<\/p>\n<div class=\"wp-block-image\">\n<figure class=\"aligncenter size-large is-resized\"><figcaption class=\"wp-element-caption\">Caden Lisewski. | Marilyn Lisewski<\/figcaption><\/figure>\n<\/div>\n<p>Caden iria agir. Ele atrapalhava a aula, fugia e quebrava coisas. Como resultado, ele foi afastado das aulas, \u00e0s vezes \u00e0 for\u00e7a.<\/p>\n<p>\u201cN\u00e3o posso falar pela experi\u00eancia de outras pessoas, mas posso dizer que Caden foi contido com frequ\u00eancia\u201d, diz ele. \u201cNo ano passado ele estava na escola, mas nos \u00faltimos tr\u00eas meses as coisas pioraram rapidamente. Quero dizer, eles nos ligavam todos os dias. Eles colocavam as m\u00e3os nele quase todos os dias.\u201d<\/p>\n<p>Caden experimentou o que os distritos escolares chamam de \u201cconten\u00e7\u00e3o\u201d. \u00c9 o termo legal para restringir os movimentos de uma crian\u00e7a, segurando-a, por exemplo, ou usando restri\u00e7\u00f5es como algemas.<\/p>\n<p>Um relat\u00f3rio recente do Departamento de Educa\u00e7\u00e3o dos EUA <a href=\"https:\/\/www.ed.gov\/about\/ed-organization\/functional-statements\/ocr-functional-statements\" rel=\"nofollow noopener\" target=\"_blank\">Escrit\u00f3rio de Direitos Civis<\/a> descobriram que o Distrito Escolar do Condado de St. Johns relatou \u201ctaxas muito altas\u201d de conten\u00e7\u00e3o para alunos com defici\u00eancia na \u00faltima d\u00e9cada. E embora o distrito tenha reduzido bastante os casos relatados de restri\u00e7\u00e3o de alunos, alguns pais ainda n\u00e3o acreditam que os alunos com defici\u00eancia sejam tratados de forma equitativa.<\/p>\n<p>\u201cEles tratam essas crian\u00e7as com defici\u00eancia como se fossem criminosos\u201d, diz Kevin Lisewski.<\/p>\n<div class=\"flourish-embed flourish-chart\" data-src=\"https:\/\/jaxtoday.org\/2024\/10\/30\/student-restraint-st-johns-schools\/visualisation\/20040907\"><img decoding=\"async\" src=\"https:\/\/public.flourish.studio\/visualisation\/20040907\/thumbnail\" width=\"100%\" alt=\"visualiza\u00e7\u00e3o de gr\u00e1fico\"\/><\/div>\n<p>Muitos dos casos registrados de conten\u00e7\u00e3o foram realizados contra um grupo repetido de alunos com defici\u00eancia. O relat\u00f3rio constatou que um aluno foi restringido 126 vezes durante dois anos letivos, enquanto outro foi restringido 120 vezes nesse per\u00edodo. Um estudante, descobriu o Escrit\u00f3rio de Direitos Civis, foi contido \u201cpor quase seis horas em um incidente\u201d.<\/p>\n<p>Mas muitos destes casos ocorreram durante os anos letivos de 2017-18 e 2018-19. Desde ent\u00e3o, o Escrit\u00f3rio de Direitos Civis concluiu que <a href=\"https:\/\/jaxtoday.org\/2023\/12\/13\/baseline-set-for-local-schools-with-new-grades-st-johns-ranks-second-in-florida\/\">Escolas do condado de St.<\/a> reduziu muito o uso de restri\u00e7\u00f5es aos alunos.<\/p>\n<p>O distrito escolar elogiou uma redu\u00e7\u00e3o de 92% nos incidentes relatados envolvendo conten\u00e7\u00e3o desde o auge do ano letivo de 2018-19.<\/p>\n<p>Com a conclus\u00e3o da investiga\u00e7\u00e3o do Escrit\u00f3rio de Direitos Civis, o Distrito Escolar do Condado de St. Johns se comprometeu a verificar as acomoda\u00e7\u00f5es atuais para os alunos que foram restringidos durante os anos escolares de 2017-18 e 2018-19, bem como fornecer melhor forma\u00e7\u00e3o do pessoal e revis\u00e3o das suas pol\u00edticas.<\/p>\n<p>\u201cAtribu\u00edmos nossa diminui\u00e7\u00e3o significativa em incidentes de conten\u00e7\u00e3o ao nosso foco cont\u00ednuo em fornecer aos nossos alunos o apoio individualizado de que precisam para ter sucesso\u201d, disse Christina Upchurch, chefe de rela\u00e7\u00f5es comunit\u00e1rias das Escolas do Condado de St. <em>Jacksonville hoje<\/em>.<\/p>\n<p>O Gabinete dos Direitos Civis pretende continuar a monitorizar o progresso do distrito na aplica\u00e7\u00e3o das suas pol\u00edticas e garantir que os alunos com defici\u00eancia recebam tratamento equitativo para todos os outros alunos.<\/p>\n<p>Isso n\u00e3o significa que a pol\u00edtica de restringir os estudantes acabou.<\/p>\n<p>De acordo com a pol\u00edtica do Departamento de Educa\u00e7\u00e3o da Fl\u00f3rida, restri\u00e7\u00f5es como \u201cjaquetas de for\u00e7a, gravatas, algemas ou amarras\u201d podem ser empregadas quando um aluno representa uma amea\u00e7a a si mesmo ou a outros alunos, mas essas t\u00e9cnicas n\u00e3o devem ser usadas em alunos at\u00e9 que \u201ctodos interven\u00e7\u00f5es de comportamento positivo e apoio\u201d foram tentadas.<\/p>\n<p>Usar esse tipo de t\u00e1tica com seu filho, mesmo que ele estivesse perturbando e distraindo, diz Kevin Lisewski, criou um padr\u00e3o de Caden agindo e sendo punido fisicamente por isso.<\/p>\n<p>\u201cDepois que eles fizerem isso, ele nunca mais ouvir\u00e1\u201d, diz ele. \u201cPortanto, n\u00e3o sei qual \u00e9 a experi\u00eancia de outras pessoas, mas a nossa experi\u00eancia \u00e9 que elas est\u00e3o fazendo isso, pelo menos com nosso filho, est\u00e3o fazendo isso com bastante frequ\u00eancia.\u201d<\/p>\n<p>Os Lisewskis dizem que a experi\u00eancia do filho n\u00e3o \u00e9 \u00fanica. Eles acreditam que o distrito tem demasiados outros estudantes para cuidar e que os professores n\u00e3o s\u00e3o pagos o suficiente para aplicar adequadamente o programa de educa\u00e7\u00e3o individualizado, ou IEPs, que os alunos com defici\u00eancia t\u00eam.<\/p>\n<p>Esses planos estabelecem quais acomoda\u00e7\u00f5es um aluno com defici\u00eancia precisa para receber uma educa\u00e7\u00e3o de qualidade. <\/p>\n<p>Amanda Smith \u00e9 outra m\u00e3e do condado de St. Johns que ficou desapontada com as acomoda\u00e7\u00f5es do distrito escolar para seu filho. Sua filha Jessa \u00e9 disl\u00e9xica. Ela tamb\u00e9m tem dificuldade em processar palavras como os outros. Isso significa que aprender em um ambiente escolar tradicional \u00e9 dif\u00edcil para ela. <\/p>\n<p>A filha de Smith nunca foi contida, mas Smith diz que a crian\u00e7a ainda n\u00e3o recebeu a ajuda necess\u00e1ria para iniciar o caminho em dire\u00e7\u00e3o ao aprendizado eficaz at\u00e9 que j\u00e1 tivesse perdido uma boa parte da primeira s\u00e9rie.<\/p>\n<p>Quer se trate de conten\u00e7\u00e3o ou de n\u00e3o conseguir aos alunos os recursos de que necessitam, Smith diz que viu o padr\u00e3o no condado de St. Johns \u2013 alunos com defici\u00eancia, diz ela, ou alunos que aprendem de forma diferente dos seus pares, muitas vezes n\u00e3o recebem o apoio de que necessitam.<\/p>\n<p>Mesmo que o ensino dom\u00e9stico seja dif\u00edcil, Smith diz que n\u00e3o mandar\u00e1 a filha de volta para uma escola p\u00fablica no condado de St.<\/p>\n<p>\u201cEu sei que aqui, hoje, ter um filho que tem necessidades que precisam ser atendidas\u201d, diz Smith, \u201cda forma como est\u00e1 a situa\u00e7\u00e3o, sua melhor chance n\u00e3o \u00e9 na escola p\u00fablica\u201d.<\/p>\n<p>Os Lisewskis tamb\u00e9m hesitam em mandar o filho de volta para uma escola p\u00fablica no condado de St.<\/p>\n<p>Ap\u00f3s a experi\u00eancia com administradores restringindo seu filho, eles processaram o Distrito Escolar do Condado de St. Johns, argumentando que o IEP de seu filho n\u00e3o estava sendo devidamente aplicado.<\/p>\n<p>Eles venceram, mas o distrito recorreu do caso e atualmente est\u00e1 tramitando nos tribunais.<\/p>\n<\/div>\n<p><br \/>\n<br \/><a href=\"https:\/\/jaxtoday.org\/2024\/10\/30\/student-restraint-st-johns-schools\/\">Source link <\/a><\/p>","protected":false},"excerpt":{"rendered":"<p>A fam\u00edlia Lisewski mora no condado de St. Johns, um distrito com algumas das escolas mais bem avaliadas do estado, ent\u00e3o eles nunca se consideraram uma fam\u00edlia que educava em&hellip;<\/p>","protected":false},"author":1,"featured_media":53316,"comment_status":"closed","ping_status":"open","sticky":false,"template":"","format":"standard","meta":{"content-type":"","footnotes":""},"categories":[1],"tags":[],"class_list":["post-53315","post","type-post","status-publish","format-standard","has-post-thumbnail","hentry","category-uncategorized"],"_links":{"self":[{"href":"https:\/\/tvbrazilusa.com\/pt\/wp-json\/wp\/v2\/posts\/53315","targetHints":{"allow":["GET"]}}],"collection":[{"href":"https:\/\/tvbrazilusa.com\/pt\/wp-json\/wp\/v2\/posts"}],"about":[{"href":"https:\/\/tvbrazilusa.com\/pt\/wp-json\/wp\/v2\/types\/post"}],"author":[{"embeddable":true,"href":"https:\/\/tvbrazilusa.com\/pt\/wp-json\/wp\/v2\/users\/1"}],"replies":[{"embeddable":true,"href":"https:\/\/tvbrazilusa.com\/pt\/wp-json\/wp\/v2\/comments?post=53315"}],"version-history":[{"count":1,"href":"https:\/\/tvbrazilusa.com\/pt\/wp-json\/wp\/v2\/posts\/53315\/revisions"}],"predecessor-version":[{"id":53317,"href":"https:\/\/tvbrazilusa.com\/pt\/wp-json\/wp\/v2\/posts\/53315\/revisions\/53317"}],"wp:featuredmedia":[{"embeddable":true,"href":"https:\/\/tvbrazilusa.com\/pt\/wp-json\/wp\/v2\/media\/53316"}],"wp:attachment":[{"href":"https:\/\/tvbrazilusa.com\/pt\/wp-json\/wp\/v2\/media?parent=53315"}],"wp:term":[{"taxonomy":"category","embeddable":true,"href":"https:\/\/tvbrazilusa.com\/pt\/wp-json\/wp\/v2\/categories?post=53315"},{"taxonomy":"post_tag","embeddable":true,"href":"https:\/\/tvbrazilusa.com\/pt\/wp-json\/wp\/v2\/tags?post=53315"}],"curies":[{"name":"wp","href":"https:\/\/api.w.org\/{rel}","templated":true}]}}