{"id":53320,"date":"2024-10-30T18:00:24","date_gmt":"2024-10-30T18:00:24","guid":{"rendered":"https:\/\/tvbrazilusa.com\/2024\/10\/30\/governo-trabalhista-e-acusado-de-ocultar-investigacao-sobre-terrorismo-em-assassinato-de-criancas\/"},"modified":"2024-10-30T18:00:25","modified_gmt":"2024-10-30T18:00:25","slug":"governo-trabalhista-e-acusado-de-ocultar-investigacao-sobre-terrorismo-em-assassinato-de-criancas","status":"publish","type":"post","link":"https:\/\/tvbrazilusa.com\/pt\/2024\/10\/30\/governo-trabalhista-e-acusado-de-ocultar-investigacao-sobre-terrorismo-em-assassinato-de-criancas\/","title":{"rendered":"Governo trabalhista \u00e9 acusado de ocultar investiga\u00e7\u00e3o sobre terrorismo em assassinato de crian\u00e7as"},"content":{"rendered":"<p> <script async src=\"https:\/\/pagead2.googlesyndication.com\/pagead\/js\/adsbygoogle.js?client=ca-pub-8864793242727901\"\r\n     crossorigin=\"anonymous\"><\/script><br \/>\n<\/p>\n<div id=\"taboola-read-more\" style=\"display:block; width:100%\">\n<p tabindex=\"0\">Axel Rudakubana, um homem de 18 anos que foi acusado em julho de<a href=\"https:\/\/12ft.io\/proxy?q=https%3A%2F%2Fwww.gazetadopovo.com.br%2Fmundo%2Finglaterra-facadas-protestos-prisoes-o-que-esta-acontecendo%2F%3Fref%3Dlink-interno-materia\" target=\"_parent\" rel=\"noopener\">\u00a0assassinar tr\u00eas crian\u00e7as<\/a>\u00a0que participavam de uma aula de dan\u00e7a tem\u00e1tica da cantora Taylor Swift, em Southport, no Reino Unido, recebeu uma nova acusa\u00e7\u00e3o envolvendo a pr\u00e1tica de terrorismo.\n<\/p>\n<p tabindex=\"0\">O Minist\u00e9rio P\u00fablico\u00a0anunciou\u00a0nesta ter\u00e7a-feira (29) que as investiga\u00e7\u00f5es sobre Rudakubana apontaram que ele produziu uma toxina biol\u00f3gica mortal chamada ricina, que \u00e9 proibida pela Lei de Armas Biol\u00f3gicas do Reino Unido. Ele tamb\u00e9m foi acusado de possuir um estudo militar sobre o treinamento do grupo terrorista Al-Qaeda, em viola\u00e7\u00e3o \u00e0s leis de seguran\u00e7a nacional.<\/p>\n<p tabindex=\"0\">Na \u00e9poca do crime, o acusado esfaqueou at\u00e9 a morte Alice da Silva Aguiar, de 9 anos; Bebe King, de 6; e Elsie Dot Stancombe, de 7 anos. Outras crian\u00e7as e adultos atacados tamb\u00e9m ficaram com ferimentos moderados ou graves.\n<\/p>\n<p tabindex=\"0\">Al\u00e9m dos assassinatos concretizados, Axel Rudakubana enfrenta dez acusa\u00e7\u00f5es por tentativa de homic\u00eddio e porte de faca. Seu julgamento deve come\u00e7ar em janeiro do pr\u00f3ximo ano.\n<\/p>\n<p tabindex=\"0\">Quando o crime aconteceu, a Pol\u00edcia Antiterrorismo do Reino Unido n\u00e3o declarou o caso como um ato terrorista. No entanto, a ricina e o estudo do manual de treinamento foram encontrados durante buscas na casa do agressor logo ap\u00f3s os esfaqueamentos, o que levou cr\u00edticos dos trabalhistas a questionarem se o primeiro-ministro, Keir Starmer, decidiu ocultar essas informa\u00e7\u00f5es do p\u00fablico.\n<\/p>\n<p tabindex=\"0\">Em resposta, o governo brit\u00e2nico disse que a \u00faltima atualiza\u00e7\u00e3o anunciada sobre o caso foi &#8220;puramente uma decis\u00e3o do Minist\u00e9rio P\u00fablico&#8221;.\n<\/p>\n<p tabindex=\"0\">A chefe de pol\u00edcia de Merseyside, Serena Kennedy, afirmou ap\u00f3s o an\u00fancio da nova acusa\u00e7\u00e3o: &#8220;Voc\u00ea pode ter visto especula\u00e7\u00f5es online de que a pol\u00edcia est\u00e1 decidindo esconder as coisas do p\u00fablico. Este certamente n\u00e3o \u00e9 o caso&#8221;.\n<\/p>\n<p tabindex=\"0\">&#8220;Eu reconhe\u00e7o que as novas acusa\u00e7\u00f5es podem levar a especula\u00e7\u00f5es. O assunto pelo qual Axel Rudakubana foi acusado sob a Lei do Terrorismo n\u00e3o requer que o motivo seja estabelecido. Para que um assunto seja declarado um incidente terrorista, a motiva\u00e7\u00e3o precisaria ser estabelecida&#8221;, acrescentou Kennedy.\n<\/p>\n<p tabindex=\"0\">O crime violento abalou o Reino Unido, nas semanas seguintes ao epis\u00f3dio, provocando protestos por toda a Inglaterra, principalmente de ativistas anti-imigra\u00e7\u00e3o.\n<\/p>\n<p tabindex=\"0\">Os assassinatos provocaram tumultos em todo o pa\u00eds, enquanto a pol\u00edcia insistiu que n\u00e3o se tratava de um ato de terrorismo, por n\u00e3o haver evid\u00eancia no local do crime. Na \u00e9poca, a pol\u00edcia tentou anular qualquer rumor de que o assassino era imigrante e terrorista. O governo enfatizou que ele era nascido na Gr\u00e3-Bretanha e n\u00e3o tinha liga\u00e7\u00e3o com terrorismo.\n<\/p>\n<p tabindex=\"0\">Ap\u00f3s a dissemina\u00e7\u00e3o de not\u00edcias falsas sobre a nacionalidade do agressor, o nome de Rudakubana foi divulgado pelo juiz distrital James Hatton, no dia 1\u00ba de agosto. O magistrado afirmou \u00e0 \u00e9poca que decidiu tornar p\u00fablico o nome do assassino, ainda que fosse menor de idade ao cometer o crime, por se tratar de uma \u201csitua\u00e7\u00e3o excepcional\u201d em que \u201co interesse p\u00fablico \u00e9 favorecido pela transpar\u00eancia completa sobre os tr\u00e2mites\u201d do caso.\n<\/p>\n<p tabindex=\"0\">Rudakubana nasceu no Reino Unido e \u00e9 filho de pais imigrantes de Ruanda.\n<\/p>\n<p tabindex=\"0\">\u00a0\n<\/p>\n<p tabindex=\"0\">Fonte: Gazeta do Povo              <\/p>\n<\/div>\n<p><br \/>\n<br \/><a href=\"https:\/\/diariodobrasilnoticias.com.br\/noticia\/governo-trabalhista-e-acusado-de-ocultar-investigacao-sobre-terrorismo-em-assassinato-de-criancas-67224d05d068e\">Source link <\/a><\/p>","protected":false},"excerpt":{"rendered":"<p>Axel Rudakubana, um homem de 18 anos que foi acusado em julho de\u00a0assassinar tr\u00eas crian\u00e7as\u00a0que participavam de uma aula de dan\u00e7a tem\u00e1tica da cantora Taylor Swift, em Southport, no Reino&hellip;<\/p>","protected":false},"author":1,"featured_media":53321,"comment_status":"closed","ping_status":"open","sticky":false,"template":"","format":"standard","meta":{"content-type":"","footnotes":""},"categories":[16],"tags":[123,2448,5313,1267],"class_list":["post-53320","post","type-post","status-publish","format-standard","has-post-thumbnail","hentry","category-noticias","tag-brasil","tag-diario","tag-noticia","tag-noticias"],"_links":{"self":[{"href":"https:\/\/tvbrazilusa.com\/pt\/wp-json\/wp\/v2\/posts\/53320","targetHints":{"allow":["GET"]}}],"collection":[{"href":"https:\/\/tvbrazilusa.com\/pt\/wp-json\/wp\/v2\/posts"}],"about":[{"href":"https:\/\/tvbrazilusa.com\/pt\/wp-json\/wp\/v2\/types\/post"}],"author":[{"embeddable":true,"href":"https:\/\/tvbrazilusa.com\/pt\/wp-json\/wp\/v2\/users\/1"}],"replies":[{"embeddable":true,"href":"https:\/\/tvbrazilusa.com\/pt\/wp-json\/wp\/v2\/comments?post=53320"}],"version-history":[{"count":1,"href":"https:\/\/tvbrazilusa.com\/pt\/wp-json\/wp\/v2\/posts\/53320\/revisions"}],"predecessor-version":[{"id":53322,"href":"https:\/\/tvbrazilusa.com\/pt\/wp-json\/wp\/v2\/posts\/53320\/revisions\/53322"}],"wp:featuredmedia":[{"embeddable":true,"href":"https:\/\/tvbrazilusa.com\/pt\/wp-json\/wp\/v2\/media\/53321"}],"wp:attachment":[{"href":"https:\/\/tvbrazilusa.com\/pt\/wp-json\/wp\/v2\/media?parent=53320"}],"wp:term":[{"taxonomy":"category","embeddable":true,"href":"https:\/\/tvbrazilusa.com\/pt\/wp-json\/wp\/v2\/categories?post=53320"},{"taxonomy":"post_tag","embeddable":true,"href":"https:\/\/tvbrazilusa.com\/pt\/wp-json\/wp\/v2\/tags?post=53320"}],"curies":[{"name":"wp","href":"https:\/\/api.w.org\/{rel}","templated":true}]}}