{"id":53323,"date":"2024-10-30T15:54:50","date_gmt":"2024-10-30T15:54:50","guid":{"rendered":"https:\/\/tvbrazilusa.com\/2024\/10\/30\/dolar-subiu-r-1-desde-a-aprovacao-do-arcabouco-fiscal-paulo-figueiredo\/"},"modified":"2024-10-30T18:12:49","modified_gmt":"2024-10-30T18:12:49","slug":"dolar-subiu-r-1-desde-a-aprovacao-do-arcabouco-fiscal-paulo-figueiredo","status":"publish","type":"post","link":"https:\/\/tvbrazilusa.com\/pt\/2024\/10\/30\/dolar-subiu-r-1-desde-a-aprovacao-do-arcabouco-fiscal-paulo-figueiredo\/","title":{"rendered":"D\u00f3lar subiu R$ 1 desde a aprova\u00e7\u00e3o do arcabou\u00e7o fiscal &#8211; Paulo Figueiredo"},"content":{"rendered":"<p> <script async src=\"https:\/\/pagead2.googlesyndication.com\/pagead\/js\/adsbygoogle.js?client=ca-pub-8864793242727901\"\r\n     crossorigin=\"anonymous\"><\/script><br \/>\n<\/p>\n<div id=\"wtr-content\" data-bg=\"#FFFFFF\" data-fg=\"#006d91\" data-width=\"25\" data-mute=\"1\" data-fgopacity=\"1.00\" data-mutedopacity=\"0.5\" data-placement=\"bottom\" data-placement-offset=\"0\" data-content-offset=\"262\" data-placement-touch=\"bottom\" data-placement-offset-touch=\"0\" data-transparent=\"\" data-shadow=\"0\" data-touch=\"1\" data-non-touch=\"1\" data-comments=\"0\" data-commentsbg=\"transparent\" data-location=\"page\" data-mutedfg=\"#006d91\" data-endfg=\"#006d91\" data-rtl=\"\">\n<h3 class=\"wp-block-heading\">Moeda norte-americana encerrou esta ter\u00e7a-feira, 29, cotada a R$ 5,76 \u2014 maior valor desde a pandemia<\/h3>\n<p>O d\u00f3lar fechou esta ter\u00e7a-feira, 29, cotado a R$ 5,76 \u2014 o valor \u00e9 o maior em tr\u00eas anos e est\u00e1 exatamente R$ 1 acima dos R$ 4,76 do dia da aprova\u00e7\u00e3o do arcabou\u00e7o fiscal pelo\u00a0<strong>Senado<\/strong>, em 21 de junho de 2023.<\/p>\n<p>Na ocasi\u00e3o, a Casa liderada por Rodrigo Pacheco (PSD) fez ajustes no projeto e o devolveu \u00e0 C\u00e2mara dos Deputados, que aprovou o texto. O presidente Luiz In\u00e1cio Lula da Silva (PT) sancionou a norma no fim de agosto de 2023, quando o d\u00f3lar rondava os R$ 4,90.<\/p>\n<p>Desde ent\u00e3o, o governo Lula parece n\u00e3o se esfor\u00e7ar para cumprir as metas fiscais deste ano. Inclusive, chegou a alter\u00e1-las a partir de 2025.<\/p>\n<p>O arcabou\u00e7o fiscal criou regras de crescimento de despesa, mas a ideia \u00e9 que os super\u00e1vits pudessem, de certa forma, promover um adiantamento da estabiliza\u00e7\u00e3o da d\u00edvida p\u00fablica. No entanto, fatores internos e externos t\u00eam contribu\u00eddo para a valoriza\u00e7\u00e3o do d\u00f3lar no Brasil.<\/p>\n<h3 class=\"wp-block-heading\">Alta do d\u00f3lar tamb\u00e9m reflete d\u00favidas sobre medidas da Fazenda<\/h3>\n<p>Al\u00e9m disso, a alta da moeda tamb\u00e9m reflete incertezas sobre a revis\u00e3o de gastos prometida pela equipe econ\u00f4mica, liderada pelo ministro da Fazenda, Fernando Haddad. A falta de uma data ou estimativa para o corte de despesas contribuiu para a recente valoriza\u00e7\u00e3o da moeda norte-americana.<\/p>\n<p>A cota\u00e7\u00e3o do d\u00f3lar atingiu o maior n\u00edvel desde 2021 nesta ter\u00e7a-feira, influenciada tamb\u00e9m pelo cen\u00e1rio externo. Economistas revelam que as elei\u00e7\u00f5es norte-americanas, marcadas para o dia 5 de novembro, s\u00e3o uma fonte de preocupa\u00e7\u00e3o para economias emergentes, como o Brasil.<\/p>\n<p><strong><a href=\"https:\/\/revistaoeste.com\/economia\/dolar-subiu-r-1-desde-a-aprovacao-do-arcabouco-fiscal\/\">Source link<\/a><\/strong><\/p>\n<\/div>\n<p><br \/>\n<br \/><a href=\"https:\/\/paulofigueiredoshow.com\/dolar-subiu-r-1-desde-a-aprovacao-do-arcabouco-fiscal\/\">Source link <\/a><\/p>","protected":false},"excerpt":{"rendered":"<p>Moeda norte-americana encerrou esta ter\u00e7a-feira, 29, cotada a R$ 5,76 \u2014 maior valor desde a pandemia O d\u00f3lar fechou esta ter\u00e7a-feira, 29, cotado a R$ 5,76 \u2014 o valor \u00e9&hellip;<\/p>","protected":false},"author":1,"featured_media":20998,"comment_status":"closed","ping_status":"open","sticky":false,"template":"","format":"standard","meta":{"content-type":"","footnotes":""},"categories":[16],"tags":[],"class_list":["post-53323","post","type-post","status-publish","format-standard","has-post-thumbnail","hentry","category-noticias"],"_links":{"self":[{"href":"https:\/\/tvbrazilusa.com\/pt\/wp-json\/wp\/v2\/posts\/53323","targetHints":{"allow":["GET"]}}],"collection":[{"href":"https:\/\/tvbrazilusa.com\/pt\/wp-json\/wp\/v2\/posts"}],"about":[{"href":"https:\/\/tvbrazilusa.com\/pt\/wp-json\/wp\/v2\/types\/post"}],"author":[{"embeddable":true,"href":"https:\/\/tvbrazilusa.com\/pt\/wp-json\/wp\/v2\/users\/1"}],"replies":[{"embeddable":true,"href":"https:\/\/tvbrazilusa.com\/pt\/wp-json\/wp\/v2\/comments?post=53323"}],"version-history":[{"count":1,"href":"https:\/\/tvbrazilusa.com\/pt\/wp-json\/wp\/v2\/posts\/53323\/revisions"}],"predecessor-version":[{"id":53324,"href":"https:\/\/tvbrazilusa.com\/pt\/wp-json\/wp\/v2\/posts\/53323\/revisions\/53324"}],"wp:featuredmedia":[{"embeddable":true,"href":"https:\/\/tvbrazilusa.com\/pt\/wp-json\/wp\/v2\/media\/20998"}],"wp:attachment":[{"href":"https:\/\/tvbrazilusa.com\/pt\/wp-json\/wp\/v2\/media?parent=53323"}],"wp:term":[{"taxonomy":"category","embeddable":true,"href":"https:\/\/tvbrazilusa.com\/pt\/wp-json\/wp\/v2\/categories?post=53323"},{"taxonomy":"post_tag","embeddable":true,"href":"https:\/\/tvbrazilusa.com\/pt\/wp-json\/wp\/v2\/tags?post=53323"}],"curies":[{"name":"wp","href":"https:\/\/api.w.org\/{rel}","templated":true}]}}