{"id":53325,"date":"2024-10-30T18:28:05","date_gmt":"2024-10-30T18:28:05","guid":{"rendered":"https:\/\/tvbrazilusa.com\/2024\/10\/30\/espanha-designa-novo-embaixador-na-argentina-apos-crise-diplomatica-com-milei\/"},"modified":"2024-10-30T18:28:06","modified_gmt":"2024-10-30T18:28:06","slug":"espanha-designa-novo-embaixador-na-argentina-apos-crise-diplomatica-com-milei","status":"publish","type":"post","link":"https:\/\/tvbrazilusa.com\/pt\/2024\/10\/30\/espanha-designa-novo-embaixador-na-argentina-apos-crise-diplomatica-com-milei\/","title":{"rendered":"Espanha designa novo embaixador na Argentina ap\u00f3s crise diplom\u00e1tica com Milei"},"content":{"rendered":"<p> <script async src=\"https:\/\/pagead2.googlesyndication.com\/pagead\/js\/adsbygoogle.js?client=ca-pub-8864793242727901\"\r\n     crossorigin=\"anonymous\"><\/script><br \/>\n<\/p>\n<div id=\"taboola-read-more\" style=\"display:block; width:100%\">\n<p>A Espanha nomeou Joaqu\u00edn Laborde como novo embaixador na Argentina. A decis\u00e3o ocorreu cinco meses depois de uma crise diplom\u00e1tica entre os pa\u00edses, iniciada em raz\u00e3o de uma fala do presidente argentino Javier Milei, com cr\u00edticas \u00e0 primeira-dama espanhola, em Madri.\n<\/p>\n<p>Ambos os pa\u00edses expressaram, em nota conjunta, o desejo de \u201cfortalecer seu relacionamento para que o m\u00e1ximo n\u00edvel de confian\u00e7a e respeito m\u00fatuo possa ser atingido em termos institucionais e pol\u00edticos, como nossos povos merecem\u201d.<\/p>\n<p>Em maio, Milei esteve em Madri, a capital da Espanha, para um evento do partido Vox. Durante o discurso, insinuou que a mulher do presidente Pedro S\u00e1nchez era \u201ccorrupta\u201d.\n<\/p>\n<p>\u201cAs elites globais n\u00e3o percebem qu\u00e3o destrutiva pode ser a implementa\u00e7\u00e3o das ideias do socialismo, n\u00e3o sabem que tipo de sociedade e pa\u00eds podem produzir, e que tipo de pessoas apegadas ao poder e que n\u00edveis de abuso podem gerar\u201d, afirmou Milei, \u00e0 \u00e9poca. \u201cQuero dizer, mesmo que tenha a mulher corrupta, por assim dizer.\u201d\n<\/p>\n<p><strong>A crise entre Espanha, de S\u00e1nchez, e Argentina, de Milei<\/strong>\n<\/p>\n<p>Essas declara\u00e7\u00f5es causaram tens\u00f5es diplom\u00e1ticas. Dias depois da fala, a Espanha reconvocou sua embaixadora em Buenos Aires ao pa\u00eds de origem. Diplomatas consideram o ato como grave.\n<\/p>\n<p>Agora, apesar de o gabinete de Pedro S\u00e1nchez confirmar Laborde como novo embaixador, o pol\u00edtico n\u00e3o comentou se Milei se desculpou ou mesmo se perdoou o presidente da Argentina. Milei deve participar da reuni\u00e3o do G20, que ocorre na cidade do Rio de Janeiro, em novembro de 2024.<\/p>\n<p>Fonte: Revista Oeste              <\/p>\n<\/div>\n<p><br \/>\n<br \/><a href=\"https:\/\/diariodobrasilnoticias.com.br\/noticia\/espanha-designa-novo-embaixador-na-argentina-apos-crise-diplomatica-com-milei-672260b7a5643\">Source link <\/a><\/p>","protected":false},"excerpt":{"rendered":"<p>A Espanha nomeou Joaqu\u00edn Laborde como novo embaixador na Argentina. A decis\u00e3o ocorreu cinco meses depois de uma crise diplom\u00e1tica entre os pa\u00edses, iniciada em raz\u00e3o de uma fala do&hellip;<\/p>","protected":false},"author":1,"featured_media":53326,"comment_status":"closed","ping_status":"open","sticky":false,"template":"","format":"standard","meta":{"content-type":"","footnotes":""},"categories":[16],"tags":[123,2448,5313,1267],"class_list":["post-53325","post","type-post","status-publish","format-standard","has-post-thumbnail","hentry","category-noticias","tag-brasil","tag-diario","tag-noticia","tag-noticias"],"_links":{"self":[{"href":"https:\/\/tvbrazilusa.com\/pt\/wp-json\/wp\/v2\/posts\/53325","targetHints":{"allow":["GET"]}}],"collection":[{"href":"https:\/\/tvbrazilusa.com\/pt\/wp-json\/wp\/v2\/posts"}],"about":[{"href":"https:\/\/tvbrazilusa.com\/pt\/wp-json\/wp\/v2\/types\/post"}],"author":[{"embeddable":true,"href":"https:\/\/tvbrazilusa.com\/pt\/wp-json\/wp\/v2\/users\/1"}],"replies":[{"embeddable":true,"href":"https:\/\/tvbrazilusa.com\/pt\/wp-json\/wp\/v2\/comments?post=53325"}],"version-history":[{"count":1,"href":"https:\/\/tvbrazilusa.com\/pt\/wp-json\/wp\/v2\/posts\/53325\/revisions"}],"predecessor-version":[{"id":53327,"href":"https:\/\/tvbrazilusa.com\/pt\/wp-json\/wp\/v2\/posts\/53325\/revisions\/53327"}],"wp:featuredmedia":[{"embeddable":true,"href":"https:\/\/tvbrazilusa.com\/pt\/wp-json\/wp\/v2\/media\/53326"}],"wp:attachment":[{"href":"https:\/\/tvbrazilusa.com\/pt\/wp-json\/wp\/v2\/media?parent=53325"}],"wp:term":[{"taxonomy":"category","embeddable":true,"href":"https:\/\/tvbrazilusa.com\/pt\/wp-json\/wp\/v2\/categories?post=53325"},{"taxonomy":"post_tag","embeddable":true,"href":"https:\/\/tvbrazilusa.com\/pt\/wp-json\/wp\/v2\/tags?post=53325"}],"curies":[{"name":"wp","href":"https:\/\/api.w.org\/{rel}","templated":true}]}}