{"id":53331,"date":"2024-10-30T18:42:22","date_gmt":"2024-10-30T18:42:22","guid":{"rendered":"https:\/\/tvbrazilusa.com\/2024\/10\/30\/estudo-apresenta-primeira-evidencia-de-ligacao-entre-plastico-e-autismo-entenda\/"},"modified":"2024-10-30T18:42:23","modified_gmt":"2024-10-30T18:42:23","slug":"estudo-apresenta-primeira-evidencia-de-ligacao-entre-plastico-e-autismo-entenda","status":"publish","type":"post","link":"https:\/\/tvbrazilusa.com\/pt\/2024\/10\/30\/estudo-apresenta-primeira-evidencia-de-ligacao-entre-plastico-e-autismo-entenda\/","title":{"rendered":"Estudo apresenta primeira evid\u00eancia de liga\u00e7\u00e3o entre pl\u00e1stico e autismo; ENTENDA"},"content":{"rendered":"<p> <script async src=\"https:\/\/pagead2.googlesyndication.com\/pagead\/js\/adsbygoogle.js?client=ca-pub-8864793242727901\"\r\n     crossorigin=\"anonymous\"><\/script><br \/>\n<\/p>\n<p>Para uma propor\u00e7\u00e3o significativa de crian\u00e7as com TDAH, \u00e9 cerca de 17% menor.\u00a0\u00a0\n<\/p>\n<div>Para os pesquisadores, essa capacidade comprometida de limpar tais poluentes ambientais do corpo \u00e9 \u201ca primeira evid\u00eancia bioqu\u00edmica s\u00f3lida de qual \u00e9 a liga\u00e7\u00e3o entre o BPA e o desenvolvimento do autismo ou TDAH\u201d.<\/p>\n<p><strong>A liga\u00e7\u00e3o entre a desintoxica\u00e7\u00e3o do BPA, o autismo e o TDAH<\/strong><br \/>A este estudo se atribui a primeira prova concreta da liga\u00e7\u00e3o entre a exposi\u00e7\u00e3o ao BPA e o desenvolvimento de autismo e TDAH, conforme explica T. Peter Stein, autor principal da pesquisa e professor da Rowan-Virtua School of Osteopathic Medicine. \u201cFicamos surpresos ao descobrir que o TDAH apresenta o mesmo defeito na desintoxica\u00e7\u00e3o do BPA\u201d, disse.<\/p>\n<p>Stein alerta, no entanto, que mais pesquisas s\u00e3o necess\u00e1rias: pode ser que o autismo e o TDAH se desenvolvam ainda no \u00fatero, por meio do aumento da exposi\u00e7\u00e3o da m\u00e3e, ou em algum momento ap\u00f3s o nascimento da crian\u00e7a.<\/p>\n<p>O especialista tamb\u00e9m lembra que \u00e9 prov\u00e1vel que existam outros fatores, al\u00e9m da exposi\u00e7\u00e3o ao BPA, envolvidos no desenvolvimento destes transtornos.<\/p>\n<p><strong>Onde encontramos o BPA?<\/strong><br \/>BPA est\u00e1 presente em pl\u00e1sticos de policarbonato. \u00c9 mat\u00e9ria prima para a fabrica\u00e7\u00e3o de garrafas de \u00e1gua reutiliz\u00e1veis, recipientes de armazenamento de alimentos e outras embalagens pl\u00e1sticas.<\/p>\n<p>Ele tamb\u00e9m comp\u00f5e resinas ep\u00f3xi que revestem o interior de latas de alimentos e bebidas para evitar a corros\u00e3o.<\/p>\n<p>Antigamente, o BPA era comum em mamadeiras e copos para beb\u00eas, mas muitos pa\u00edses agora restringem ou pro\u00edbem o uso de BPA nesses produtos devido a preocupa\u00e7\u00f5es com a sa\u00fade.<\/p>\n<\/div>\n<p><br \/>\n<br \/><a href=\"https:\/\/diariodobrasilnoticias.com.br\/noticia\/estudo-apresenta-primeira-evidencia-de-ligacao-entre-plastico-e-autismo-entenda-6722615ece287\">Source link <\/a><\/p>","protected":false},"excerpt":{"rendered":"<p>Para uma propor\u00e7\u00e3o significativa de crian\u00e7as com TDAH, \u00e9 cerca de 17% menor.\u00a0\u00a0 Para os pesquisadores, essa capacidade comprometida de limpar tais poluentes ambientais do corpo \u00e9 \u201ca primeira evid\u00eancia&hellip;<\/p>","protected":false},"author":1,"featured_media":53332,"comment_status":"closed","ping_status":"open","sticky":false,"template":"","format":"standard","meta":{"content-type":"","footnotes":""},"categories":[16],"tags":[123,2448,5313,1267],"class_list":["post-53331","post","type-post","status-publish","format-standard","has-post-thumbnail","hentry","category-noticias","tag-brasil","tag-diario","tag-noticia","tag-noticias"],"_links":{"self":[{"href":"https:\/\/tvbrazilusa.com\/pt\/wp-json\/wp\/v2\/posts\/53331","targetHints":{"allow":["GET"]}}],"collection":[{"href":"https:\/\/tvbrazilusa.com\/pt\/wp-json\/wp\/v2\/posts"}],"about":[{"href":"https:\/\/tvbrazilusa.com\/pt\/wp-json\/wp\/v2\/types\/post"}],"author":[{"embeddable":true,"href":"https:\/\/tvbrazilusa.com\/pt\/wp-json\/wp\/v2\/users\/1"}],"replies":[{"embeddable":true,"href":"https:\/\/tvbrazilusa.com\/pt\/wp-json\/wp\/v2\/comments?post=53331"}],"version-history":[{"count":1,"href":"https:\/\/tvbrazilusa.com\/pt\/wp-json\/wp\/v2\/posts\/53331\/revisions"}],"predecessor-version":[{"id":53333,"href":"https:\/\/tvbrazilusa.com\/pt\/wp-json\/wp\/v2\/posts\/53331\/revisions\/53333"}],"wp:featuredmedia":[{"embeddable":true,"href":"https:\/\/tvbrazilusa.com\/pt\/wp-json\/wp\/v2\/media\/53332"}],"wp:attachment":[{"href":"https:\/\/tvbrazilusa.com\/pt\/wp-json\/wp\/v2\/media?parent=53331"}],"wp:term":[{"taxonomy":"category","embeddable":true,"href":"https:\/\/tvbrazilusa.com\/pt\/wp-json\/wp\/v2\/categories?post=53331"},{"taxonomy":"post_tag","embeddable":true,"href":"https:\/\/tvbrazilusa.com\/pt\/wp-json\/wp\/v2\/tags?post=53331"}],"curies":[{"name":"wp","href":"https:\/\/api.w.org\/{rel}","templated":true}]}}