{"id":53398,"date":"2024-10-30T21:53:15","date_gmt":"2024-10-30T21:53:15","guid":{"rendered":"https:\/\/tvbrazilusa.com\/2024\/10\/30\/bolsonaro-esta-determinado-a-tirar-presos-do-8-1-da-papuda-paulo-figueiredo\/"},"modified":"2024-10-30T21:56:27","modified_gmt":"2024-10-30T21:56:27","slug":"bolsonaro-esta-determinado-a-tirar-presos-do-8-1-da-papuda-paulo-figueiredo","status":"publish","type":"post","link":"https:\/\/tvbrazilusa.com\/pt\/2024\/10\/30\/bolsonaro-esta-determinado-a-tirar-presos-do-8-1-da-papuda-paulo-figueiredo\/","title":{"rendered":"Bolsonaro est\u00e1 determinado a tirar presos do 8\/1 da Papuda &#8211; Paulo Figueiredo"},"content":{"rendered":"<p> <script async src=\"https:\/\/pagead2.googlesyndication.com\/pagead\/js\/adsbygoogle.js?client=ca-pub-8864793242727901\"\r\n     crossorigin=\"anonymous\"><\/script><br \/>\n<\/p>\n<div id=\"wtr-content\" data-bg=\"#FFFFFF\" data-fg=\"#006d91\" data-width=\"25\" data-mute=\"1\" data-fgopacity=\"1.00\" data-mutedopacity=\"0.5\" data-placement=\"bottom\" data-placement-offset=\"0\" data-content-offset=\"262\" data-placement-touch=\"bottom\" data-placement-offset-touch=\"0\" data-transparent=\"\" data-shadow=\"0\" data-touch=\"1\" data-non-touch=\"1\" data-comments=\"0\" data-commentsbg=\"transparent\" data-location=\"page\" data-mutedfg=\"#006d91\" data-endfg=\"#006d91\" data-rtl=\"\">\n<h3 class=\"wp-block-heading\">Para o ex-presidente, projeto n\u00e3o avan\u00e7a na C\u00e2mara por culpa do PT de Lula<\/h3>\n<p>Jair Bolsonaro est\u00e1 determinado a trabalhar pela liberdade dos presos no 8 de janeiro de 2022 que permanecem no Complexo Penitenci\u00e1rio da Papuda, em Bras\u00edlia. O ex-presidente atua na aprova\u00e7\u00e3o do\u00a0<strong>PL da Anistia<\/strong>, que pretende perdoar condenados pelas invas\u00f5es \u00e0s sedes dos Tr\u00eas Poderes.<\/p>\n<p>Em entrevista ao jornal\u00a0<em>O Globo<\/em>\u00a0publicada nesta quarta-feira, 30, Bolsonaro admitiu que as chances de o PL obter \u00eaxito s\u00e3o pequenas. No entanto, ele afirmou que os envolvidos no pedido de anistia est\u00e3o dispostos a negociar, fazer ajustes no documento e encontrar uma sa\u00edda para os detidos.<\/p>\n<blockquote class=\"wp-block-quote is-layout-flow wp-block-quote-is-layout-flow\">\n<p>\u201cTudo bem se a gente tiver que chegar no meio-termo\u201d, disse o representante da direita. \u201cO que interessa \u00e9 tirar esse povo da Papuda e colocar na rua\u201d.<\/p>\n<\/blockquote>\n<p>Ele culpou o PT, do presidente Luiz In\u00e1cio Lula da Silva, pela resist\u00eancia do Congresso em avan\u00e7ar nessa pauta. Segundo Bolsonaro, os petistas se op\u00f5em \u00e0 discuss\u00e3o sobre a anistia.<\/p>\n<h3 class=\"wp-block-heading\" id=\"28ba04b5\">Bolsonaro v\u00ea oportunidade na gest\u00e3o de Arthur Lira<\/h3>\n<p>O ex-presidente acredita que \u00e9 melhor tentar reverter o clima desfavor\u00e1vel aos presos durante a gest\u00e3o do presidente da C\u00e2mara dos Deputados, Arthur Lira (PP-AL), do que aguardar a pr\u00f3xima elei\u00e7\u00e3o. Para ele, apesar de os candidatos \u00e0 presid\u00eancia apoiarem a anistia por raz\u00f5es humanit\u00e1rias, a postura desfavor\u00e1vel do PT complica a discuss\u00e3o.<\/p>\n<h3 class=\"wp-block-heading\" id=\"f18e046\">Estrat\u00e9gia e mobiliza\u00e7\u00e3o<\/h3>\n<p>Segundo o jornal, Bolsonaro aceitou o recuo de Arthur Lira sobre a pauta, mas, ainda assim, decidiu lutar pela anistia. Ele pretende usar as dez sess\u00f5es da comiss\u00e3o, agendadas pelo presidente da C\u00e2mara, para levar familiares dos detidos a prestarem depoimentos.<\/p>\n<p>A inten\u00e7\u00e3o de Bolsonaro \u00e9 gerar um impacto pol\u00edtico no Congresso e mobilizar seus apoiadores para pressionarem os parlamentares a aprovarem a anistia, mesmo que n\u00e3o obede\u00e7a \u00e0 \u00edntegra da proposta original. O projeto atual prev\u00ea anistia total aos presos de 8 de janeiro, o que anularia as medidas restritivas.<\/p>\n<p>\u201cCom as fam\u00edlias contando suas hist\u00f3rias, eu sou capaz de apostar que em mais 30 ou 40 dias tem clima\u201d. A expectativa \u00e9 que essa estrat\u00e9gia crie um ambiente favor\u00e1vel para a aprova\u00e7\u00e3o da anistia.<\/p>\n<p><strong><a href=\"https:\/\/revistaoeste.com\/politica\/bolsonaro-esta-determinado-a-tirar-presos-do-8-1-da-papuda\/\">Source link<\/a><\/strong><\/p>\n<\/div>\n<p><br \/>\n<br \/><a href=\"https:\/\/paulofigueiredoshow.com\/bolsonaro-esta-determinado-a-tirar-presos-do-8-1-da-papuda\/\">Source link <\/a><\/p>","protected":false},"excerpt":{"rendered":"<p>Para o ex-presidente, projeto n\u00e3o avan\u00e7a na C\u00e2mara por culpa do PT de Lula Jair Bolsonaro est\u00e1 determinado a trabalhar pela liberdade dos presos no 8 de janeiro de 2022&hellip;<\/p>","protected":false},"author":1,"featured_media":38862,"comment_status":"closed","ping_status":"open","sticky":false,"template":"","format":"standard","meta":{"content-type":"","footnotes":""},"categories":[16],"tags":[136,750],"class_list":["post-53398","post","type-post","status-publish","format-standard","has-post-thumbnail","hentry","category-noticias","tag-bolsonaro","tag-liberdade"],"_links":{"self":[{"href":"https:\/\/tvbrazilusa.com\/pt\/wp-json\/wp\/v2\/posts\/53398","targetHints":{"allow":["GET"]}}],"collection":[{"href":"https:\/\/tvbrazilusa.com\/pt\/wp-json\/wp\/v2\/posts"}],"about":[{"href":"https:\/\/tvbrazilusa.com\/pt\/wp-json\/wp\/v2\/types\/post"}],"author":[{"embeddable":true,"href":"https:\/\/tvbrazilusa.com\/pt\/wp-json\/wp\/v2\/users\/1"}],"replies":[{"embeddable":true,"href":"https:\/\/tvbrazilusa.com\/pt\/wp-json\/wp\/v2\/comments?post=53398"}],"version-history":[{"count":1,"href":"https:\/\/tvbrazilusa.com\/pt\/wp-json\/wp\/v2\/posts\/53398\/revisions"}],"predecessor-version":[{"id":53399,"href":"https:\/\/tvbrazilusa.com\/pt\/wp-json\/wp\/v2\/posts\/53398\/revisions\/53399"}],"wp:featuredmedia":[{"embeddable":true,"href":"https:\/\/tvbrazilusa.com\/pt\/wp-json\/wp\/v2\/media\/38862"}],"wp:attachment":[{"href":"https:\/\/tvbrazilusa.com\/pt\/wp-json\/wp\/v2\/media?parent=53398"}],"wp:term":[{"taxonomy":"category","embeddable":true,"href":"https:\/\/tvbrazilusa.com\/pt\/wp-json\/wp\/v2\/categories?post=53398"},{"taxonomy":"post_tag","embeddable":true,"href":"https:\/\/tvbrazilusa.com\/pt\/wp-json\/wp\/v2\/tags?post=53398"}],"curies":[{"name":"wp","href":"https:\/\/api.w.org\/{rel}","templated":true}]}}