{"id":53409,"date":"2024-10-30T22:06:17","date_gmt":"2024-10-30T22:06:17","guid":{"rendered":"https:\/\/tvbrazilusa.com\/2024\/10\/30\/moraes-cita-estilingues-e-bolas-de-gude-ao-condenar-reus-do-8-1-a-12-anos-por-golpe-de-estado-e-outros-crimes-paulo-figueiredo\/"},"modified":"2024-10-30T22:24:28","modified_gmt":"2024-10-30T22:24:28","slug":"moraes-cita-estilingues-e-bolas-de-gude-ao-condenar-reus-do-8-1-a-12-anos-por-golpe-de-estado-e-outros-crimes-paulo-figueiredo","status":"publish","type":"post","link":"https:\/\/tvbrazilusa.com\/pt\/2024\/10\/30\/moraes-cita-estilingues-e-bolas-de-gude-ao-condenar-reus-do-8-1-a-12-anos-por-golpe-de-estado-e-outros-crimes-paulo-figueiredo\/","title":{"rendered":"Moraes cita estilingues e bolas de gude ao condenar r\u00e9us do 8\/1 a 12 anos por &#8220;golpe de Estado&#8221; e outros crimes &#8211; Paulo Figueiredo"},"content":{"rendered":"<p> <script async src=\"https:\/\/pagead2.googlesyndication.com\/pagead\/js\/adsbygoogle.js?client=ca-pub-8864793242727901\"\r\n     crossorigin=\"anonymous\"><\/script><br \/>\n<\/p>\n<div id=\"wtr-content\" data-bg=\"#FFFFFF\" data-fg=\"#006d91\" data-width=\"25\" data-mute=\"1\" data-fgopacity=\"1.00\" data-mutedopacity=\"0.5\" data-placement=\"bottom\" data-placement-offset=\"0\" data-content-offset=\"262\" data-placement-touch=\"bottom\" data-placement-offset-touch=\"0\" data-transparent=\"\" data-shadow=\"0\" data-touch=\"1\" data-non-touch=\"1\" data-comments=\"0\" data-commentsbg=\"transparent\" data-location=\"page\" data-mutedfg=\"#006d91\" data-endfg=\"#006d91\" data-rtl=\"\">\n<h3 class=\"wp-block-heading\">STF definiu o destino de mais 14 pessoas em novo julgamento<\/h3>\n<p>No\u00a0<strong>julgamento sobre o 8 de janeiro que terminou em 25 de outubro<\/strong>, no Supremo Tribunal Federal (STF), dois dos 14 condenados pegaram 12 anos de pris\u00e3o, pelos crimes de associa\u00e7\u00e3o criminosa armada, aboli\u00e7\u00e3o violenta do Estado Democr\u00e1tico de Direito e tentativa de golpe de Estado, al\u00e9m do pagamento de indeniza\u00e7\u00e3o de R$ 30 milh\u00f5es.<\/p>\n<p>O voto vitorioso do relator desses processos na Corte, Alexandre de Moraes, citou alguns elementos que embasaram seu veredito. Conforme Moraes, ambos foram detidos com armas brancas, como peda\u00e7os de madeira, estilingues, bolas de gude e esferas de a\u00e7o.<\/p>\n<p>Em depoimento, os homens disseram que carregavam os itens para se defender da pol\u00edcia, em eventual confronto.<\/p>\n<p>\u201cEssencial destacar que as narrativas das testemunhas ratificam o intuito comum \u00e0 atua\u00e7\u00e3o da horda invasora e golpista, direcionado ao questionamento do resultado das urnas, \u00e0 derrubada do governo rec\u00e9m-empossado e \u00e0 ruptura institucional\u201d, observou o magistrado.<\/p>\n<h3 class=\"wp-block-heading\">Diverg\u00eancia de Barroso com Alexandre de Moraes<\/h3>\n<p>Durante o julgamento, o presidente do STF, Lu\u00eds Roberto Barroso, discordou de Moraes nos dois casos. Na maioria das vezes, o ministro fecha com o magistrado nas condena\u00e7\u00f5es ou, em outros momentos, segue o colega, no entanto, com algumas ressalvas.<\/p>\n<p>\u201cDivirjo parcialmente do eminente relator, unicamente para afastar a condena\u00e7\u00e3o pelo delito previsto no art. 359-L do C\u00f3digo Penal (aboli\u00e7\u00e3o violenta do Estado Democr\u00e1tico de Direito)\u201d, escreveu Barroso, na a\u00e7\u00e3o de um homem que acabou condenado a 12 anos. \u201cConforme j\u00e1 destaquei em casos semelhantes, a meu sentir, as circunst\u00e2ncias factuais objetivas descritas nos autos se amoldam unicamente ao disposto no art. 359-M do C\u00f3digo Penal (Golpe de Estado), e n\u00e3o aos dois tipos penais concomitantemente, considerada a tentativa de deposi\u00e7\u00e3o do governo legitimamente constitu\u00eddo, por meio de viol\u00eancia ou grave amea\u00e7a. Assim, deixo de condenar o r\u00e9u pelo crime previsto no art. 359-L do C\u00f3digo Penal, excluindo-se o\u00a0<em>quantum<\/em>\u00a0de pena correspondente.\u201d O veredito de Barroso se repetiu no caso de outro homem tamb\u00e9m condenado a 12 anos.<\/p>\n<p><strong><a href=\"https:\/\/revistaoeste.com\/no-ponto\/alexandre-de-moraes-cita-estilingues-e-bolas-de-gude-ao-condenar-reus-do-8-1-a-12-anos-por-golpe-de-estado-e-outros-crimes\/\">Source link<\/a><\/strong><\/p>\n<\/div>\n<p><br \/>\n<br \/><a href=\"https:\/\/paulofigueiredoshow.com\/moraes-cita-estilingues-e-bolas-de-gude-ao-condenar-reus-do-8-1-a-12-anos-por-golpe-de-estado-e-outros-crimes\/\">Source link <\/a><\/p>","protected":false},"excerpt":{"rendered":"<p>STF definiu o destino de mais 14 pessoas em novo julgamento No\u00a0julgamento sobre o 8 de janeiro que terminou em 25 de outubro, no Supremo Tribunal Federal (STF), dois dos&hellip;<\/p>","protected":false},"author":1,"featured_media":51275,"comment_status":"closed","ping_status":"open","sticky":false,"template":"","format":"standard","meta":{"content-type":"","footnotes":""},"categories":[16],"tags":[69,29719,29720,5281,29721,425,871],"class_list":["post-53409","post","type-post","status-publish","format-standard","has-post-thumbnail","hentry","category-noticias","tag-barroso","tag-bola-de-gude","tag-citar","tag-condenacao","tag-estilingues","tag-moraes","tag-stf"],"_links":{"self":[{"href":"https:\/\/tvbrazilusa.com\/pt\/wp-json\/wp\/v2\/posts\/53409","targetHints":{"allow":["GET"]}}],"collection":[{"href":"https:\/\/tvbrazilusa.com\/pt\/wp-json\/wp\/v2\/posts"}],"about":[{"href":"https:\/\/tvbrazilusa.com\/pt\/wp-json\/wp\/v2\/types\/post"}],"author":[{"embeddable":true,"href":"https:\/\/tvbrazilusa.com\/pt\/wp-json\/wp\/v2\/users\/1"}],"replies":[{"embeddable":true,"href":"https:\/\/tvbrazilusa.com\/pt\/wp-json\/wp\/v2\/comments?post=53409"}],"version-history":[{"count":1,"href":"https:\/\/tvbrazilusa.com\/pt\/wp-json\/wp\/v2\/posts\/53409\/revisions"}],"predecessor-version":[{"id":53410,"href":"https:\/\/tvbrazilusa.com\/pt\/wp-json\/wp\/v2\/posts\/53409\/revisions\/53410"}],"wp:featuredmedia":[{"embeddable":true,"href":"https:\/\/tvbrazilusa.com\/pt\/wp-json\/wp\/v2\/media\/51275"}],"wp:attachment":[{"href":"https:\/\/tvbrazilusa.com\/pt\/wp-json\/wp\/v2\/media?parent=53409"}],"wp:term":[{"taxonomy":"category","embeddable":true,"href":"https:\/\/tvbrazilusa.com\/pt\/wp-json\/wp\/v2\/categories?post=53409"},{"taxonomy":"post_tag","embeddable":true,"href":"https:\/\/tvbrazilusa.com\/pt\/wp-json\/wp\/v2\/tags?post=53409"}],"curies":[{"name":"wp","href":"https:\/\/api.w.org\/{rel}","templated":true}]}}