{"id":53416,"date":"2024-10-30T22:37:24","date_gmt":"2024-10-30T22:37:24","guid":{"rendered":"https:\/\/tvbrazilusa.com\/2024\/10\/30\/marinho-ameaca-solicitar-demissao-caso-o-governo-faca-cortes-em-sua-area-sem-aviso-previo\/"},"modified":"2024-10-30T22:37:25","modified_gmt":"2024-10-30T22:37:25","slug":"marinho-ameaca-solicitar-demissao-caso-o-governo-faca-cortes-em-sua-area-sem-aviso-previo","status":"publish","type":"post","link":"https:\/\/tvbrazilusa.com\/pt\/2024\/10\/30\/marinho-ameaca-solicitar-demissao-caso-o-governo-faca-cortes-em-sua-area-sem-aviso-previo\/","title":{"rendered":"Marinho amea\u00e7a solicitar demiss\u00e3o caso o governo fa\u00e7a cortes em sua \u00e1rea sem aviso pr\u00e9vio"},"content":{"rendered":"<p> <script async src=\"https:\/\/pagead2.googlesyndication.com\/pagead\/js\/adsbygoogle.js?client=ca-pub-8864793242727901\"\r\n     crossorigin=\"anonymous\"><\/script><br \/>\n<\/p>\n<div id=\"taboola-read-more\" style=\"display:block; width:100%\">\n<p>O ministro do Trabalho e Emprego, Luiz Marinho, indicou, nesta quarta-feira (30\/10), a possibilidade de pedir demiss\u00e3o do cargo caso o governo federal resolva fazer mudan\u00e7as em programas e benef\u00edcios sob a al\u00e7ada do MTE.\n<\/p>\n<p>\u201cSe eu for agredido \u00e9 poss\u00edvel. Nunca fui. Estou dizendo que essa discuss\u00e3o n\u00e3o existe\u201d, disse. \u201cUma decis\u00e3o sem minha participa\u00e7\u00e3o num tema meu, \u00e9 uma agress\u00e3o\u201d, completou o titular da pasta do Trabalho.<\/p>\n<p>Marinho ainda disse que o cargo dele pertence ao presidente Luiz In\u00e1cio Lula da Silva (PT). \u201cTodo cargo de ministro \u00e9 do presidente. Se ele achar que o ministro n\u00e3o est\u00e1 servindo, ele pede para sair\u201d, declarou.\n<\/p>\n<p>A fala do ministro ocorreu durante a coletiva de imprensa sobre os dados do Cadastro Geral de Empregados e Desempregados (Caged) de setembro, que mostra que o Brasil criou criou 247.818 vagas de emprego formal.\n<\/p>\n<p>Marinho desconhece mudan\u00e7as no seguro-desemprego<br \/>Ao ser questionado sobre algumas op\u00e7\u00f5es estudadas pela equipe econ\u00f4mica para cortar os gastos das contas p\u00fablicas, como mudan\u00e7as na multa por justa causa do Fundo de Garantia do Tempo de Servi\u00e7o (FGTS), no seguro-desemprego e no abono salarial, Marinho refor\u00e7ou que o assunto n\u00e3o foi debatido dentro do MTE nem mesmo entre outros ministros.\n<\/p>\n<p><strong>\u201cSe ningu\u00e9m conversou comigo, n\u00e3o existe [debate sobre essas poss\u00edveis mudan\u00e7as]. Se eu sou respons\u00e1vel pelo Trabalho e Emprego. A n\u00e3o ser que o governo me demita\u201d, afirmou o o titular do Trabalho. \u201cN\u00e3o me consta que nenhum ministro de Estado tenha discutido esse assunto\u201d, completou.<\/strong>\n<\/p>\n<p>\u201cAs \u00e1reas t\u00e9cnicas t\u00eam a obriga\u00e7\u00e3o de estudar. O que n\u00e3o \u00e9 de bom comportamento \u00e9 vazar estudo, que n\u00e3o esteja autorizado pelo ministro titular da pasta\u201d, afirmou.\n<\/p>\n<p>Na semana passada, Marinho negou os rumores de eventuais mudan\u00e7as em benef\u00edcios do MTE. Em publica\u00e7\u00e3o no X, ele escreveu que \u201co Minist\u00e9rio do Trabalho e Emprego N\u00c3O cogita ou realiza QUALQUER debate sobre o fim da multa rescis\u00f3ria, paga ao trabalhador e \u00e0 trabalhadora ap\u00f3s a demiss\u00e3o, ou sobre a redu\u00e7\u00e3o do FGTS\u201d.\n<\/p>\n<p>Fonte: Metr\u00f3poles              <\/p>\n<\/div>\n<p><br \/>\n<br \/><a href=\"https:\/\/diariodobrasilnoticias.com.br\/noticia\/marinho-ameaca-solicitar-demissao-caso-o-governo-faca-cortes-em-sua-area-sem-aviso-previo-67228dba995c8\">Source link <\/a><\/p>","protected":false},"excerpt":{"rendered":"<p>O ministro do Trabalho e Emprego, Luiz Marinho, indicou, nesta quarta-feira (30\/10), a possibilidade de pedir demiss\u00e3o do cargo caso o governo federal resolva fazer mudan\u00e7as em programas e benef\u00edcios&hellip;<\/p>","protected":false},"author":1,"featured_media":53417,"comment_status":"closed","ping_status":"open","sticky":false,"template":"","format":"standard","meta":{"content-type":"","footnotes":""},"categories":[16],"tags":[123,2448,5313,1267],"class_list":["post-53416","post","type-post","status-publish","format-standard","has-post-thumbnail","hentry","category-noticias","tag-brasil","tag-diario","tag-noticia","tag-noticias"],"_links":{"self":[{"href":"https:\/\/tvbrazilusa.com\/pt\/wp-json\/wp\/v2\/posts\/53416","targetHints":{"allow":["GET"]}}],"collection":[{"href":"https:\/\/tvbrazilusa.com\/pt\/wp-json\/wp\/v2\/posts"}],"about":[{"href":"https:\/\/tvbrazilusa.com\/pt\/wp-json\/wp\/v2\/types\/post"}],"author":[{"embeddable":true,"href":"https:\/\/tvbrazilusa.com\/pt\/wp-json\/wp\/v2\/users\/1"}],"replies":[{"embeddable":true,"href":"https:\/\/tvbrazilusa.com\/pt\/wp-json\/wp\/v2\/comments?post=53416"}],"version-history":[{"count":1,"href":"https:\/\/tvbrazilusa.com\/pt\/wp-json\/wp\/v2\/posts\/53416\/revisions"}],"predecessor-version":[{"id":53418,"href":"https:\/\/tvbrazilusa.com\/pt\/wp-json\/wp\/v2\/posts\/53416\/revisions\/53418"}],"wp:featuredmedia":[{"embeddable":true,"href":"https:\/\/tvbrazilusa.com\/pt\/wp-json\/wp\/v2\/media\/53417"}],"wp:attachment":[{"href":"https:\/\/tvbrazilusa.com\/pt\/wp-json\/wp\/v2\/media?parent=53416"}],"wp:term":[{"taxonomy":"category","embeddable":true,"href":"https:\/\/tvbrazilusa.com\/pt\/wp-json\/wp\/v2\/categories?post=53416"},{"taxonomy":"post_tag","embeddable":true,"href":"https:\/\/tvbrazilusa.com\/pt\/wp-json\/wp\/v2\/tags?post=53416"}],"curies":[{"name":"wp","href":"https:\/\/api.w.org\/{rel}","templated":true}]}}