{"id":53426,"date":"2024-10-30T23:00:29","date_gmt":"2024-10-30T23:00:29","guid":{"rendered":"https:\/\/tvbrazilusa.com\/2024\/10\/30\/rui-costa-tenta-acalmar-mercado-e-diz-que-lula-vai-enquadrar-despesas-no-arcabouco-paulo-figueiredo\/"},"modified":"2024-10-30T23:07:41","modified_gmt":"2024-10-30T23:07:41","slug":"rui-costa-tenta-acalmar-mercado-e-diz-que-lula-vai-enquadrar-despesas-no-arcabouco-paulo-figueiredo","status":"publish","type":"post","link":"https:\/\/tvbrazilusa.com\/pt\/2024\/10\/30\/rui-costa-tenta-acalmar-mercado-e-diz-que-lula-vai-enquadrar-despesas-no-arcabouco-paulo-figueiredo\/","title":{"rendered":"Rui Costa tenta acalmar mercado e diz que Lula vai \u201cenquadrar\u201d despesas no arcabou\u00e7o &#8211; Paulo Figueiredo"},"content":{"rendered":"<p> <script async src=\"https:\/\/pagead2.googlesyndication.com\/pagead\/js\/adsbygoogle.js?client=ca-pub-8864793242727901\"\r\n     crossorigin=\"anonymous\"><\/script><br \/>\n<\/p>\n<div id=\"wtr-content\" data-bg=\"#FFFFFF\" data-fg=\"#006d91\" data-width=\"25\" data-mute=\"1\" data-fgopacity=\"1.00\" data-mutedopacity=\"0.5\" data-placement=\"bottom\" data-placement-offset=\"0\" data-content-offset=\"262\" data-placement-touch=\"bottom\" data-placement-offset-touch=\"0\" data-transparent=\"\" data-shadow=\"0\" data-touch=\"1\" data-non-touch=\"1\" data-comments=\"0\" data-commentsbg=\"transparent\" data-location=\"page\" data-mutedfg=\"#006d91\" data-endfg=\"#006d91\" data-rtl=\"\">\n<h3 class=\"wp-block-heading\">Ministro da Casa Civil diz que \u201cquem apostar contra o Brasil vai perder\u201d e garante corte de gastos<\/h3>\n<p>Um dia depois do\u00a0mercado financeiro olhar com desconfian\u00e7a o prometido corte de gastos do governo federal\u00a0por causa das falas duvidosas do ministro\u00a0Fernando Haddad\u00a0(Fazenda), Rui Costa saiu em defesa e garantiu que o presidente\u00a0Luiz In\u00e1cio Lula da Silva\u00a0(PT) vai \u201cenquadrar\u201d as despesas para cumprir o arcabou\u00e7o fiscal.<\/p>\n<p>Isso porque Haddad chegou a dizer que n\u00e3o havia um prazo para o governo anunciar o corte que, segundo proje\u00e7\u00f5es do mercado, poderia chegar a R$ 50 bilh\u00f5es, e que as op\u00e7\u00f5es dependeriam do aval de Lula. Em diversas entrevistas, o presidente questionou a necessidade de cortes principalmente em \u00e1reas como sa\u00fade e educa\u00e7\u00e3o \u2013 que ele avalia como \u201cinvestimentos\u201d ao criticar o mercado financeiro.<\/p>\n<p>\u201cQuem apostar contra o Brasil vai perder, o presidente Lula vai fazer os ajustes necess\u00e1rios para manter o crescimento do pa\u00eds, assegurar investimentos e cumprir o arcabou\u00e7o fiscal, enquadrando as despesas dentro das regras da meta fiscal\u201d, disse Rui Costa em entrevista \u00e0\u00a0<em>GloboNews\u00a0<\/em>nesta quarta (30).<\/p>\n<p>A expectativa \u00e9 de que ele se re\u00fana ainda nesta quarta (30) com Haddad,\u00a0Simone Tebet\u00a0(Planejamento e Or\u00e7amento) e t\u00e9cnicos das duas pastas para detalhar as medidas fiscais. Informa\u00e7\u00f5es de bastidores apontam que j\u00e1 h\u00e1 um acordo entre a equipe econ\u00f4mica e o governo para tocar os cortes adiante, mas ainda sem uma divulga\u00e7\u00e3o p\u00fablica.<\/p>\n<p>Tamb\u00e9m est\u00e1 prevista para a tarde uma reuni\u00e3o da Junta de Execu\u00e7\u00e3o Or\u00e7ament\u00e1ria (JEO), que re\u00fane Haddad, Tebet e a ministra Esther Dweck (Gest\u00e3o e Inova\u00e7\u00e3o em Servi\u00e7os P\u00fablicos), para discutirem, entre outros assuntos, o poss\u00edvel pacote de cortes.<\/p>\n<p>A fala de Haddad sobre a falta de um prazo concreto para a divulga\u00e7\u00e3o das medidas fiscais \u2013 que seriam logo ap\u00f3s as elei\u00e7\u00f5es municipais, que terminaram no \u00faltimo domingo (27) \u2013 mexeu com o mercado financeiro fez o d\u00f3lar disparar a R$ 5,761, maior patamar desde o ano de 2021. J\u00e1 a Bolsa de Valores (B3) fechou o dia em queda de 0,37%, aos 130,7 mil pontos.<\/p>\n<p>\u201cN\u00e3o tem uma data [para o an\u00fancio], ele [Lula] que vai definir. Mas a gente est\u00e1 avan\u00e7ando a conversa, estamos falando muito com o [Minist\u00e9rio do] Planejamento tamb\u00e9m\u201d, disse Haddad a jornalistas \u00e0 tarde.<\/p>\n<p>No \u00faltimo dia 15,\u00a0Simone Tebet anunciou que o governo avalia uma s\u00e9rie de medidas para cortar gastos. \u201cO mais importante \u00e9 que chegou a hora de levar a s\u00e9rio a revis\u00e3o de gastos estrutural no Brasil\u201d, disse Tebet na ocasi\u00e3o. Ela destacou que apenas o aumento de receitas n\u00e3o resolver\u00e1 o desequil\u00edbrio fiscal.<\/p>\n<p>\u201cO Brasil j\u00e1 fez o dever de casa, o governo, o Congresso, do lado da receita. N\u00e3o \u00e9 poss\u00edvel mais apenas pela \u00f3tica da receita resolver o problema fiscal do Brasil\u201d, frisou. A ministra n\u00e3o deu detalhes sobre as propostas, mas disse que apenas uma delas pode abrir um espa\u00e7o fiscal de R$ 20 bilh\u00f5es ao ano no or\u00e7amento.<\/p>\n<p>Nesta segunda (28), ela\u00a0refor\u00e7ou que o momento atual exige coragem para que sejam cortados gastos\u00a0com pol\u00edticas p\u00fablicas ineficientes.<\/p>\n<p>\u201cN\u00e3o existe social sem fiscal. Os n\u00fameros est\u00e3o a\u00ed mostrando que tudo que tinha que dar certo, deu. S\u00f3 falta uma coisa: ter coragem de cortar aquilo que \u00e9 ineficiente. Erros e fraudes j\u00e1 foram cortados no ano de 2023 porque vieram como fruto da pandemia\u201d, disse Tebet durante o 7\u00ba F\u00f3rum Brasil de Investimentos, em S\u00e3o Paulo.<\/p>\n<p><strong><a href=\"https:\/\/www.gazetadopovo.com.br\/economia\/rui-costa-acalmar-mercado-lula-enquadrar-despesas\/\">Source link<\/a><\/strong><\/p>\n<\/div>\n<p><br \/>\n<br \/><a href=\"https:\/\/paulofigueiredoshow.com\/rui-costa-tenta-acalmar-mercado-e-diz-que-lula-vai-enquadrar-despesas-no-arcabouco\/\">Source link <\/a><\/p>","protected":false},"excerpt":{"rendered":"<p>Ministro da Casa Civil diz que \u201cquem apostar contra o Brasil vai perder\u201d e garante corte de gastos Um dia depois do\u00a0mercado financeiro olhar com desconfian\u00e7a o prometido corte de&hellip;<\/p>","protected":false},"author":1,"featured_media":53427,"comment_status":"closed","ping_status":"open","sticky":false,"template":"","format":"standard","meta":{"content-type":"","footnotes":""},"categories":[16],"tags":[],"class_list":["post-53426","post","type-post","status-publish","format-standard","has-post-thumbnail","hentry","category-noticias"],"_links":{"self":[{"href":"https:\/\/tvbrazilusa.com\/pt\/wp-json\/wp\/v2\/posts\/53426","targetHints":{"allow":["GET"]}}],"collection":[{"href":"https:\/\/tvbrazilusa.com\/pt\/wp-json\/wp\/v2\/posts"}],"about":[{"href":"https:\/\/tvbrazilusa.com\/pt\/wp-json\/wp\/v2\/types\/post"}],"author":[{"embeddable":true,"href":"https:\/\/tvbrazilusa.com\/pt\/wp-json\/wp\/v2\/users\/1"}],"replies":[{"embeddable":true,"href":"https:\/\/tvbrazilusa.com\/pt\/wp-json\/wp\/v2\/comments?post=53426"}],"version-history":[{"count":1,"href":"https:\/\/tvbrazilusa.com\/pt\/wp-json\/wp\/v2\/posts\/53426\/revisions"}],"predecessor-version":[{"id":53428,"href":"https:\/\/tvbrazilusa.com\/pt\/wp-json\/wp\/v2\/posts\/53426\/revisions\/53428"}],"wp:featuredmedia":[{"embeddable":true,"href":"https:\/\/tvbrazilusa.com\/pt\/wp-json\/wp\/v2\/media\/53427"}],"wp:attachment":[{"href":"https:\/\/tvbrazilusa.com\/pt\/wp-json\/wp\/v2\/media?parent=53426"}],"wp:term":[{"taxonomy":"category","embeddable":true,"href":"https:\/\/tvbrazilusa.com\/pt\/wp-json\/wp\/v2\/categories?post=53426"},{"taxonomy":"post_tag","embeddable":true,"href":"https:\/\/tvbrazilusa.com\/pt\/wp-json\/wp\/v2\/tags?post=53426"}],"curies":[{"name":"wp","href":"https:\/\/api.w.org\/{rel}","templated":true}]}}