{"id":53431,"date":"2024-10-30T23:21:01","date_gmt":"2024-10-30T23:21:01","guid":{"rendered":"https:\/\/tvbrazilusa.com\/2024\/10\/30\/allan-dos-santos-se-torna-motorista-de-aplicativo-nos-eua-tenho-contas\/"},"modified":"2024-10-30T23:21:03","modified_gmt":"2024-10-30T23:21:03","slug":"allan-dos-santos-se-torna-motorista-de-aplicativo-nos-eua-tenho-contas","status":"publish","type":"post","link":"https:\/\/tvbrazilusa.com\/pt\/2024\/10\/30\/allan-dos-santos-se-torna-motorista-de-aplicativo-nos-eua-tenho-contas\/","title":{"rendered":"Allan dos Santos se torna motorista de aplicativo nos EUA &#8216;Tenho contas&#8217;"},"content":{"rendered":"<p> <script async src=\"https:\/\/pagead2.googlesyndication.com\/pagead\/js\/adsbygoogle.js?client=ca-pub-8864793242727901\"\r\n     crossorigin=\"anonymous\"><\/script><br \/>\n<\/p>\n<div id=\"taboola-read-more\" style=\"display:block; width:100%\">\n<p>O blogueiro Allan dos Santos, que est\u00e1 foragido da Justi\u00e7a brasileira, tornou-se motorista de aplicativo na cidade de Orlando, nos Estados Unidos. Ele vive no pa\u00eds desde 2021.\n<\/p>\n<p>\u201cAgora sou motorista de aplicativo e estou gostando muito. N\u00e3o deixarei de fazer jornalismo, mas tenho prioridades, contas e n\u00e3o fa\u00e7o acordos com criminosos\u201d, disse Allan pelas redes sociais na segunda-feira (28).<\/p>\n<p>Em outra publica\u00e7\u00e3o, na ter\u00e7a-feira (29), o blogueiro aparece dan\u00e7ando enquanto est\u00e1 em um ve\u00edculo da marca Tesla, que tem dire\u00e7\u00e3o aut\u00f4noma. No v\u00eddeo, ele provoca, com termo ofensivo, o ministro Alexandre de Moraes, do Supremo Tribunal Federal (STF).\n<\/p>\n<p>Na Corte, Allan \u00e9 alvo dos inqu\u00e9ritos das fake news e das mil\u00edcias digitais. Ele \u00e9 suspeito de participar de uma rede organizada de ataques a advers\u00e1rios pol\u00edticos do ex-presidente Jair Bolsonaro (PL).\n<\/p>\n<p>O blogueiro comandava o canal Ter\u00e7a Livre, derrubado por ordem judicial.\n<\/p>\n<p>O governo brasileiro retomou os pedidos de extradi\u00e7\u00e3o de Dos Santos durante o governo Lula e chegou a refor\u00e7ar o pedido para autoridades americanas, mas n\u00e3o houve resposta.\n<\/p>\n<p>Em agosto, Moraes voltou a determinar a pris\u00e3o de Allan, dentro da investiga\u00e7\u00e3o que apura ataques ao STF e a delegados da Pol\u00edcia Federal.\n<\/p>\n<p>Fonte: CNN Brasil              <\/p>\n<\/div>\n<p><br \/>\n<br \/><a href=\"https:\/\/diariodobrasilnoticias.com.br\/noticia\/allan-dos-santos-se-torna-motorista-de-aplicativo-nos-eua-tenho-contas-67229fc04bb35\">Source link <\/a><\/p>","protected":false},"excerpt":{"rendered":"<p>O blogueiro Allan dos Santos, que est\u00e1 foragido da Justi\u00e7a brasileira, tornou-se motorista de aplicativo na cidade de Orlando, nos Estados Unidos. Ele vive no pa\u00eds desde 2021. \u201cAgora sou&hellip;<\/p>","protected":false},"author":1,"featured_media":53432,"comment_status":"closed","ping_status":"open","sticky":false,"template":"","format":"standard","meta":{"content-type":"","footnotes":""},"categories":[16],"tags":[123,2448,5313,1267],"class_list":["post-53431","post","type-post","status-publish","format-standard","has-post-thumbnail","hentry","category-noticias","tag-brasil","tag-diario","tag-noticia","tag-noticias"],"_links":{"self":[{"href":"https:\/\/tvbrazilusa.com\/pt\/wp-json\/wp\/v2\/posts\/53431","targetHints":{"allow":["GET"]}}],"collection":[{"href":"https:\/\/tvbrazilusa.com\/pt\/wp-json\/wp\/v2\/posts"}],"about":[{"href":"https:\/\/tvbrazilusa.com\/pt\/wp-json\/wp\/v2\/types\/post"}],"author":[{"embeddable":true,"href":"https:\/\/tvbrazilusa.com\/pt\/wp-json\/wp\/v2\/users\/1"}],"replies":[{"embeddable":true,"href":"https:\/\/tvbrazilusa.com\/pt\/wp-json\/wp\/v2\/comments?post=53431"}],"version-history":[{"count":1,"href":"https:\/\/tvbrazilusa.com\/pt\/wp-json\/wp\/v2\/posts\/53431\/revisions"}],"predecessor-version":[{"id":53433,"href":"https:\/\/tvbrazilusa.com\/pt\/wp-json\/wp\/v2\/posts\/53431\/revisions\/53433"}],"wp:featuredmedia":[{"embeddable":true,"href":"https:\/\/tvbrazilusa.com\/pt\/wp-json\/wp\/v2\/media\/53432"}],"wp:attachment":[{"href":"https:\/\/tvbrazilusa.com\/pt\/wp-json\/wp\/v2\/media?parent=53431"}],"wp:term":[{"taxonomy":"category","embeddable":true,"href":"https:\/\/tvbrazilusa.com\/pt\/wp-json\/wp\/v2\/categories?post=53431"},{"taxonomy":"post_tag","embeddable":true,"href":"https:\/\/tvbrazilusa.com\/pt\/wp-json\/wp\/v2\/tags?post=53431"}],"curies":[{"name":"wp","href":"https:\/\/api.w.org\/{rel}","templated":true}]}}