{"id":53447,"date":"2024-10-31T00:00:19","date_gmt":"2024-10-31T00:00:19","guid":{"rendered":"https:\/\/tvbrazilusa.com\/2024\/10\/31\/ministro-nega-debate-sobre-mudanca-no-seguro-desemprego-a-nao-ser-que-me-demitam\/"},"modified":"2024-10-31T00:00:20","modified_gmt":"2024-10-31T00:00:20","slug":"ministro-nega-debate-sobre-mudanca-no-seguro-desemprego-a-nao-ser-que-me-demitam","status":"publish","type":"post","link":"https:\/\/tvbrazilusa.com\/pt\/2024\/10\/31\/ministro-nega-debate-sobre-mudanca-no-seguro-desemprego-a-nao-ser-que-me-demitam\/","title":{"rendered":"Ministro nega debate sobre mudan\u00e7a no seguro-desemprego: &#8216;A n\u00e3o ser que me demitam&#8217;"},"content":{"rendered":"<p> <script async src=\"https:\/\/pagead2.googlesyndication.com\/pagead\/js\/adsbygoogle.js?client=ca-pub-8864793242727901\"\r\n     crossorigin=\"anonymous\"><\/script><br \/>\n<\/p>\n<div id=\"taboola-read-more\" style=\"display:block; width:100%\">\n<p>O ministro do Trabalho e Emprego, Luiz Marinho, afirmou nesta quarta-feira (30) que n\u00e3o foi procurado para discutir mudan\u00e7as no abono, seguro-desemprego e no Fundo de Garantia do Tempo de Servi\u00e7o (FGTS).\n<\/p>\n<p>Marinho n\u00e3o descartou a possibilidade de pedir demiss\u00e3o, caso o governo defina altera\u00e7\u00f5es na \u00e1rea sem consult\u00e1-lo.<\/p>\n<p>\u201cPara mim, esse debate n\u00e3o existe. O ministro do Trabalho n\u00e3o foi procurado por ningu\u00e9m para discutir corte de benef\u00edcio aos trabalhadores\u201d, disse Marinho durante a coletiva de apresenta\u00e7\u00e3o dos dados do Cadastro Geral de Empregados e Desempregados (Caged).\n<\/p>\n<p>\u201cSe nunca discutiu comigo, n\u00e3o existe. Se eu sou respons\u00e1vel pelo Trabalho e Emprego \u2013 a n\u00e3o ser que o governo me demita \u2013 vale para todo o tema do Trabalho que eu n\u00e3o discuti\u201d, refor\u00e7ou.\n<\/p>\n<p>O ministro disse considerar uma \u201cagress\u00e3o\u201d que a discuss\u00e3o sobre o tema seja feita sem ele. Questionado se poderia pedir demiss\u00e3o, caso isso ocorresse, ele afirmou que \u00e9 poss\u00edvel. \u201cSe eu for agredido, \u00e9 poss\u00edvel, nunca fui. Uma decis\u00e3o de um tema sem minha consulta, \u00e9 uma agress\u00e3o\u201d, afirmou.\n<\/p>\n<p>A equipe econ\u00f4mica avalia medidas para cortar gastos p\u00fablicos. O ministro da Fazenda, Fernando Haddad, disse que n\u00e3o h\u00e1 prazo para o an\u00fancio das propostas.\n<\/p>\n<p>\u201cSe tiver alguma coisa desnecess\u00e1ria tem que cortar, \u00e9 obriga\u00e7\u00e3o de toda gest\u00e3o eficiente. O que \u00e9 gasto? Seguro-desemprego n\u00e3o \u00e9 gasto. At\u00e9 a aberra\u00e7\u00e3o que saiu por a\u00ed sobre acabar com a multa do fundo de garantia, veio de quem n\u00e3o entende de mercado de trabalho\u201d, disse Marinho.\n<\/p>\n<p>Fonte: Gazeta do Povo              <\/p>\n<\/div>\n<p><br \/>\n<br \/><a href=\"https:\/\/diariodobrasilnoticias.com.br\/noticia\/ministro-nega-debate-sobre-mudanca-no-seguro-desemprego-a-nao-ser-que-me-demitam-6722aeed55da5\">Source link <\/a><\/p>","protected":false},"excerpt":{"rendered":"<p>O ministro do Trabalho e Emprego, Luiz Marinho, afirmou nesta quarta-feira (30) que n\u00e3o foi procurado para discutir mudan\u00e7as no abono, seguro-desemprego e no Fundo de Garantia do Tempo de&hellip;<\/p>","protected":false},"author":1,"featured_media":53448,"comment_status":"closed","ping_status":"open","sticky":false,"template":"","format":"standard","meta":{"content-type":"","footnotes":""},"categories":[16],"tags":[123,2448,5313,1267],"class_list":["post-53447","post","type-post","status-publish","format-standard","has-post-thumbnail","hentry","category-noticias","tag-brasil","tag-diario","tag-noticia","tag-noticias"],"_links":{"self":[{"href":"https:\/\/tvbrazilusa.com\/pt\/wp-json\/wp\/v2\/posts\/53447","targetHints":{"allow":["GET"]}}],"collection":[{"href":"https:\/\/tvbrazilusa.com\/pt\/wp-json\/wp\/v2\/posts"}],"about":[{"href":"https:\/\/tvbrazilusa.com\/pt\/wp-json\/wp\/v2\/types\/post"}],"author":[{"embeddable":true,"href":"https:\/\/tvbrazilusa.com\/pt\/wp-json\/wp\/v2\/users\/1"}],"replies":[{"embeddable":true,"href":"https:\/\/tvbrazilusa.com\/pt\/wp-json\/wp\/v2\/comments?post=53447"}],"version-history":[{"count":1,"href":"https:\/\/tvbrazilusa.com\/pt\/wp-json\/wp\/v2\/posts\/53447\/revisions"}],"predecessor-version":[{"id":53449,"href":"https:\/\/tvbrazilusa.com\/pt\/wp-json\/wp\/v2\/posts\/53447\/revisions\/53449"}],"wp:featuredmedia":[{"embeddable":true,"href":"https:\/\/tvbrazilusa.com\/pt\/wp-json\/wp\/v2\/media\/53448"}],"wp:attachment":[{"href":"https:\/\/tvbrazilusa.com\/pt\/wp-json\/wp\/v2\/media?parent=53447"}],"wp:term":[{"taxonomy":"category","embeddable":true,"href":"https:\/\/tvbrazilusa.com\/pt\/wp-json\/wp\/v2\/categories?post=53447"},{"taxonomy":"post_tag","embeddable":true,"href":"https:\/\/tvbrazilusa.com\/pt\/wp-json\/wp\/v2\/tags?post=53447"}],"curies":[{"name":"wp","href":"https:\/\/api.w.org\/{rel}","templated":true}]}}